{"id":59178,"date":"2025-06-25T00:03:07","date_gmt":"2025-06-25T06:03:07","guid":{"rendered":"https:\/\/noticiasveracruz.com\/?p=59178"},"modified":"2025-06-24T21:58:02","modified_gmt":"2025-06-25T03:58:02","slug":"charlotte-benitez-da-el-oro-a-veracruz-en-taekwondo-en-la-olimpiada-nacional","status":"publish","type":"post","link":"https:\/\/noticiasveracruz.com\/index.php\/2025\/06\/25\/charlotte-benitez-da-el-oro-a-veracruz-en-taekwondo-en-la-olimpiada-nacional\/","title":{"rendered":"Charlotte Ben\u00edtez da el oro a Veracruz en taekwondo en la Olimpiada Nacional"},"content":{"rendered":"<p>Charlotte Beatriz Ben\u00edtez, atleta de la categor\u00eda Infantil -54 kg, se coron\u00f3 campeona nacional de taekwondo al obtener la medalla de oro en la Olimpiada Nacional CONADE 2025, tras una destacada participaci\u00f3n en el CODE Alcalde de Guadalajara.<\/p>\n<p>Ben\u00edtez abri\u00f3 su camino al podio con una victoria sobre Keren Vanessa Carrillo de Chihuahua, y continu\u00f3 con triunfos ante Rosly Cervantes de Sinaloa y Sof\u00eda Zohe Hern\u00e1ndez, de Tamaulipas. En la final, venci\u00f3 a Valentina Villanueva, de Guerrero.<\/p>\n<p>Adem\u00e1s, se registraron participaciones destacadas como la de Karla Paola Hern\u00e1ndez (Cadetes -33 kg) quien gan\u00f3 su primer combate frente a Paulina S\u00e1nchez (Tabasco) y avanz\u00f3 hasta la segunda ronda; Christian Yair Hern\u00e1ndez (Cadetes -65 kg) super\u00f3 a Diego Salas (IPN) en su primer combate, antes de caer en la siguiente fase.<\/p>\n<p>Adem\u00e1s de los ya mencionados, tambi\u00e9n compitieron Emmanuel Garc\u00eda (Cadetes -37 kg), Ra\u00fal Shmuel Fabi\u00e1n (Infantil -30 kg), Ruanda Chantres (Infantil -36 kg), Joad C\u00e1rdenas (Infantil -36 kg), Gabriel Alejandro Serrano (Infantil -42 kg) y Diego Carrera (Cadetes -53 kg), quienes enfrentaron duros combates en la primera ronda, quienes lamentablemente no vencieron a sus oponentes en los primeros enfrentamientos.<\/p>\n","protected":false},"excerpt":{"rendered":"<p>Charlotte Beatriz Ben\u00edtez, atleta de la categor\u00eda Infantil -54 kg, se coron\u00f3 campeona nacional de taekwondo al obtener la medalla<\/p>\n","protected":false},"author":4,"featured_media":59179,"comment_status":"closed","ping_status":"closed","sticky":false,"template":"","format":"standard","meta":{"colormag_page_container_layout":"default_layout","colormag_page_sidebar_layout":"default_layout","_jetpack_memberships_contains_paid_content":false,"footnotes":"","jetpack_publicize_message":"","jetpack_publicize_feature_enabled":true,"jetpack_social_post_already_shared":true,"jetpack_social_options":{"image_generator_settings":{"template":"highway","default_image_id":0,"font":"","enabled":false},"version":2}},"categories":[356],"tags":[],"class_list":["post-59178","post","type-post","status-publish","format-standard","has-post-thumbnail","hentry","category-veracruz"],"jetpack_publicize_connections":[],"jetpack_featured_media_url":"https:\/\/noticiasveracruz.com\/wp-content\/uploads\/2025\/06\/WhatsApp-Image-2025-06-24-at-14.34.02.jpeg","jetpack_sharing_enabled":true,"publishpress_future_action":{"enabled":false,"date":"2026-05-05 21:35:16","action":"change-status","newStatus":"draft","terms":[],"taxonomy":"category","extraData":[]},"publishpress_future_workflow_manual_trigger":{"enabledWorkflows":[]},"_links":{"self":[{"href":"https:\/\/noticiasveracruz.com\/index.php\/wp-json\/wp\/v2\/posts\/59178","targetHints":{"allow":["GET"]}}],"collection":[{"href":"https:\/\/noticiasveracruz.com\/index.php\/wp-json\/wp\/v2\/posts"}],"about":[{"href":"https:\/\/noticiasveracruz.com\/index.php\/wp-json\/wp\/v2\/types\/post"}],"author":[{"embeddable":true,"href":"https:\/\/noticiasveracruz.com\/index.php\/wp-json\/wp\/v2\/users\/4"}],"replies":[{"embeddable":true,"href":"https:\/\/noticiasveracruz.com\/index.php\/wp-json\/wp\/v2\/comments?post=59178"}],"version-history":[{"count":0,"href":"https:\/\/noticiasveracruz.com\/index.php\/wp-json\/wp\/v2\/posts\/59178\/revisions"}],"wp:featuredmedia":[{"embeddable":true,"href":"https:\/\/noticiasveracruz.com\/index.php\/wp-json\/wp\/v2\/media\/59179"}],"wp:attachment":[{"href":"https:\/\/noticiasveracruz.com\/index.php\/wp-json\/wp\/v2\/media?parent=59178"}],"wp:term":[{"taxonomy":"category","embeddable":true,"href":"https:\/\/noticiasveracruz.com\/index.php\/wp-json\/wp\/v2\/categories?post=59178"},{"taxonomy":"post_tag","embeddable":true,"href":"https:\/\/noticiasveracruz.com\/index.php\/wp-json\/wp\/v2\/tags?post=59178"}],"curies":[{"name":"wp","href":"https:\/\/api.w.org\/{rel}","templated":true}]}}