{"id":59175,"date":"2025-06-25T00:02:35","date_gmt":"2025-06-25T06:02:35","guid":{"rendered":"https:\/\/noticiasveracruz.com\/?p=59175"},"modified":"2025-06-24T21:56:18","modified_gmt":"2025-06-25T03:56:18","slug":"refrenda-sipinna-compromiso-con-derechos-de-la-ninez-y-adolescencia","status":"publish","type":"post","link":"https:\/\/noticiasveracruz.com\/index.php\/2025\/06\/25\/refrenda-sipinna-compromiso-con-derechos-de-la-ninez-y-adolescencia\/","title":{"rendered":"Refrenda SIPINNA compromiso con derechos de la ni\u00f1ez y adolescencia"},"content":{"rendered":"<p>En el marco de la D\u00e9cima Quinta Sesi\u00f3n Ordinaria del Sistema de Protecci\u00f3n Integral de Ni\u00f1as, Ni\u00f1os y Adolescentes del Estado de Veracruz (SIPINNA), se llev\u00f3 a cabo la toma de protesta de las y los nuevos integrantes del sistema y de su \u00f3rgano coordinador, como parte del proceso de renovaci\u00f3n institucional.<\/p>\n<p>Se dio a conocer el informe de actividades correspondiente al primer cuatrimestre del a\u00f1o, en el que destaca la realizaci\u00f3n de m\u00e1s de 60 jornadas de capacitaci\u00f3n en 20 municipios, beneficiando a m\u00e1s de 3 mil 700 personas, entre docentes, madres y padres de familia, as\u00ed como servidoras y servidores p\u00fablicos.<\/p>\n<p>En representaci\u00f3n de la gobernadora Roc\u00edo Nahle Garc\u00eda, el secretario de Gobierno, Ricardo Ahued Bardahuil, encabez\u00f3 \u2013en Sala de Banderas- la sesi\u00f3n en la que adem\u00e1s se present\u00f3 y aprob\u00f3 la estrategia estatal Veracruz Protector de las Ni\u00f1as, Ni\u00f1os y Adolescentes: Coordinaci\u00f3n Territorial para la Conformaci\u00f3n de Entornos Protectores, iniciativa que busca fomentar una ni\u00f1ez autoprotegida a trav\u00e9s del trabajo comunitario, interinstitucional y territorial.<\/p>\n<p>&nbsp;<\/p>\n<p>&nbsp;<\/p>\n<p>Dicha estrategia contempla acciones como el desarrollo del primer Laboratorio de Participaci\u00f3n Infantil a nivel nacional; el impulso a las Familias Protectoras, mediante formaci\u00f3n en crianza positiva y cari\u00f1osa; y la consolidaci\u00f3n de Escuelas Protectoras, con capacitaci\u00f3n a estudiantes, familias y personal docente para la correcta aplicaci\u00f3n de los protocolos de protecci\u00f3n.<\/p>\n<p>Tambi\u00e9n se promueve la construcci\u00f3n de Espacios P\u00fablicos e Instituciones Protectoras de la Ni\u00f1ez, con enfoque en la recuperaci\u00f3n de valores y el respeto a los derechos.<\/p>\n<p>Durante la sesi\u00f3n, en la que particip\u00f3 la secretaria ejecutiva de SIPINNA, Mercy Esther P\u00e9rez Ar\u00e9valo, se aprob\u00f3 el fortalecimiento del Sistema Estatal de Informaci\u00f3n INFO-SIPINNA, herramienta clave para el seguimiento y evaluaci\u00f3n de pol\u00edticas p\u00fablicas dirigidas a la infancia y adolescencia.<\/p>\n<p>Asimismo, se aval\u00f3 la reinstalaci\u00f3n de las comisiones interinstitucionales orientadas a atender de manera integral a la ni\u00f1ez y adolescencia:<\/p>\n<p>Comisi\u00f3n para el seguimiento de las recomendaciones del Comit\u00e9 de los Derechos del Ni\u00f1o, Comisi\u00f3n para poner fin a toda forma de violencia contra ni\u00f1as, ni\u00f1os y adolescentes, Comisi\u00f3n de Secretar\u00edas Ejecutivas Estatal y Municipales, Comisi\u00f3n para la Primera Infancia, Comisi\u00f3n para la Protecci\u00f3n Integral de Ni\u00f1as, Ni\u00f1os y Adolescentes Migrantes y Solicitantes de la Condici\u00f3n de Refugiado, Comisi\u00f3n de Tecnolog\u00edas de la Informaci\u00f3n y Contenidos Audiovisuales dirigidos a ni\u00f1as, ni\u00f1os y adolescentes.<\/p>\n","protected":false},"excerpt":{"rendered":"<p>En el marco de la D\u00e9cima Quinta Sesi\u00f3n Ordinaria del Sistema de Protecci\u00f3n Integral de Ni\u00f1as, Ni\u00f1os y Adolescentes del<\/p>\n","protected":false},"author":4,"featured_media":59176,"comment_status":"closed","ping_status":"closed","sticky":false,"template":"","format":"standard","meta":{"colormag_page_container_layout":"default_layout","colormag_page_sidebar_layout":"default_layout","_jetpack_memberships_contains_paid_content":false,"footnotes":"","jetpack_publicize_message":"","jetpack_publicize_feature_enabled":true,"jetpack_social_post_already_shared":true,"jetpack_social_options":{"image_generator_settings":{"template":"highway","default_image_id":0,"font":"","enabled":false},"version":2}},"categories":[356],"tags":[],"class_list":["post-59175","post","type-post","status-publish","format-standard","has-post-thumbnail","hentry","category-veracruz"],"jetpack_publicize_connections":[],"jetpack_featured_media_url":"https:\/\/noticiasveracruz.com\/wp-content\/uploads\/2025\/06\/WhatsApp-Image-2025-06-24-at-09.45.24-2-copia-scaled.jpeg","jetpack_sharing_enabled":true,"publishpress_future_action":{"enabled":false,"date":"2026-05-05 21:20:33","action":"change-status","newStatus":"draft","terms":[],"taxonomy":"category","extraData":[]},"publishpress_future_workflow_manual_trigger":{"enabledWorkflows":[]},"_links":{"self":[{"href":"https:\/\/noticiasveracruz.com\/index.php\/wp-json\/wp\/v2\/posts\/59175","targetHints":{"allow":["GET"]}}],"collection":[{"href":"https:\/\/noticiasveracruz.com\/index.php\/wp-json\/wp\/v2\/posts"}],"about":[{"href":"https:\/\/noticiasveracruz.com\/index.php\/wp-json\/wp\/v2\/types\/post"}],"author":[{"embeddable":true,"href":"https:\/\/noticiasveracruz.com\/index.php\/wp-json\/wp\/v2\/users\/4"}],"replies":[{"embeddable":true,"href":"https:\/\/noticiasveracruz.com\/index.php\/wp-json\/wp\/v2\/comments?post=59175"}],"version-history":[{"count":0,"href":"https:\/\/noticiasveracruz.com\/index.php\/wp-json\/wp\/v2\/posts\/59175\/revisions"}],"wp:featuredmedia":[{"embeddable":true,"href":"https:\/\/noticiasveracruz.com\/index.php\/wp-json\/wp\/v2\/media\/59176"}],"wp:attachment":[{"href":"https:\/\/noticiasveracruz.com\/index.php\/wp-json\/wp\/v2\/media?parent=59175"}],"wp:term":[{"taxonomy":"category","embeddable":true,"href":"https:\/\/noticiasveracruz.com\/index.php\/wp-json\/wp\/v2\/categories?post=59175"},{"taxonomy":"post_tag","embeddable":true,"href":"https:\/\/noticiasveracruz.com\/index.php\/wp-json\/wp\/v2\/tags?post=59175"}],"curies":[{"name":"wp","href":"https:\/\/api.w.org\/{rel}","templated":true}]}}