{"id":59172,"date":"2025-06-25T00:01:12","date_gmt":"2025-06-25T06:01:12","guid":{"rendered":"https:\/\/noticiasveracruz.com\/?p=59172"},"modified":"2025-06-24T21:54:03","modified_gmt":"2025-06-25T03:54:03","slug":"junta-de-gobierno-de-uv-ignora-protestas-y-obsequia-prorroga-a-martin-aguilar","status":"publish","type":"post","link":"https:\/\/noticiasveracruz.com\/index.php\/2025\/06\/25\/junta-de-gobierno-de-uv-ignora-protestas-y-obsequia-prorroga-a-martin-aguilar\/","title":{"rendered":"Junta de Gobierno de UV ignora protestas y obsequia pr\u00f3rroga a Mart\u00edn Aguilar"},"content":{"rendered":"<p>La Junta de Gobierno de la Universidad Veracruzana (UV) resolvi\u00f3 aprobar la pr\u00f3rroga del periodo de Mart\u00edn Gerardo Aguilar S\u00e1nchez como rector de la instituci\u00f3n para el ciclo 2025-2029.<br \/>\nEl actual rector continuar\u00e1 al frente de la m\u00e1xima casa de estudios de Veracruz hasta el 31 de agosto de 2029.<br \/>\nA trav\u00e9s del comunicado la UV inform\u00f3 que la decisi\u00f3n se tom\u00f3 tras un proceso de an\u00e1lisis, consulta y deliberaci\u00f3n legalmente sustentado, con base en la Ley de Autonom\u00eda de la UV, su Ley Org\u00e1nica y el Estatuto General.<br \/>\nLa solicitud de pr\u00f3rroga del actual rector fue considerada v\u00e1lida al estar contemplada en la normatividad universitaria.<br \/>\nLa Junta de Gobierno afirm\u00f3 que escuch\u00f3 las opiniones de la comunidad universitaria en todas sus regiones, evalu\u00f3 los resultados de la gesti\u00f3n 2021-2025 y revis\u00f3 el plan de trabajo presentado para el pr\u00f3ximo periodo.<br \/>\nLa determinaci\u00f3n, seg\u00fan el comunicado, busca garantizar la estabilidad institucional, as\u00ed como la defensa de la autonom\u00eda universitaria y el compromiso social de la UV.<br \/>\nLa instituci\u00f3n exhort\u00f3 a los distintos sectores universitarios a actuar con responsabilidad y a mantener el compromiso con los principios que rigen la vida acad\u00e9mica, destacando la importancia de anteponer el bien com\u00fan por encima de intereses particulares.<br \/>\nEl documento completo puede consultarse en el siguiente enlace: https:\/\/www.uv.mx\/juntagob\/files\/2025\/06\/Resolucion-Prorroga.pdf<br \/>\nExtensi\u00f3n carece de sustento y legitimidad: Jorge Manzo<br \/>\nEl acad\u00e9mico y aspirante a la rector\u00eda de la UV, Jorge Manzo Denes, cuestion\u00f3 severamente la decisi\u00f3n de la Junta de Gobierno de extender por cuatro a\u00f1os m\u00e1s el periodo de Mart\u00edn Gerardo Aguilar S\u00e1nchez como rector de la instituci\u00f3n, al considerar que se trata de un acto carente de legitimidad, con implicaciones jur\u00eddicas, \u00e9ticas y pol\u00edticas que afectan a toda la comunidad universitaria.<br \/>\nEn un comunicado dirigido tanto a la comunidad universitaria como a la sociedad veracruzana, Manzo Denes sostuvo que la resoluci\u00f3n representa un agravio sin precedentes y una traici\u00f3n a los principios de legalidad, autonom\u00eda y pluralidad que han caracterizado hist\u00f3ricamente a la UV.<br \/>\nJorge Manzo record\u00f3 que la Junta de Gobierno actu\u00f3 en sentido contrario a lo expresado por el Consejo Universitario General \u2013la m\u00e1xima autoridad colegiada de la Universidad\u2013, que en su \u00faltima sesi\u00f3n se pronunci\u00f3 en contra de la pr\u00f3rroga al considerar que no existe sustento legal y que la medida da\u00f1ar\u00eda la institucionalidad.<br \/>\nEl aspirante tambi\u00e9n acus\u00f3 que la decisi\u00f3n de otorgar la pr\u00f3rroga cierra arbitrariamente el acceso a un proceso abierto y equitativo, dejando fuera a quienes leg\u00edtimamente aspiraban a contender por la rector\u00eda.<br \/>\nEn sus palabras, esto constituye una exclusi\u00f3n institucionalizada que socava los derechos humanos y frena la posibilidad de renovaci\u00f3n y alternancia al interior de la UV.<br \/>\nManzo Denes advirti\u00f3 que el trasfondo \u00e9tico de la decisi\u00f3n es a\u00fan m\u00e1s preocupante, pues representa \u2013dijo\u2013 una ruptura con la tradici\u00f3n democr\u00e1tica y cr\u00edtica de la Universidad Veracruzana.<br \/>\nAlert\u00f3 que la permanencia del rector bajo estas condiciones puede conducir a una instituci\u00f3n fracturada, debilitada y sin capacidad de crecimiento acad\u00e9mico ni social.<br \/>\nFinalmente, el acad\u00e9mico exigi\u00f3 a cada uno de los integrantes de la Junta de Gobierno que rindan cuentas p\u00fablicamente por su voto, al considerar que no debe haber responsabilidad colectiva sin consecuencias individuales. Pidi\u00f3 transparencia total, explicaciones fundamentadas y apertura al escrutinio de toda la comunidad.<br \/>\n\u201cDefender la autonom\u00eda universitaria no es solo una consigna: es una tarea urgente, \u00e9tica y colectiva. La Universidad Veracruzana merece un rectorado leg\u00edtimo, designado con base en la legalidad y el respeto a su comunidad\u201d, concluy\u00f3.<\/p>\n","protected":false},"excerpt":{"rendered":"<p>La Junta de Gobierno de la Universidad Veracruzana (UV) resolvi\u00f3 aprobar la pr\u00f3rroga del periodo de Mart\u00edn Gerardo Aguilar S\u00e1nchez<\/p>\n","protected":false},"author":4,"featured_media":59173,"comment_status":"closed","ping_status":"closed","sticky":false,"template":"","format":"standard","meta":{"colormag_page_container_layout":"default_layout","colormag_page_sidebar_layout":"default_layout","_jetpack_memberships_contains_paid_content":false,"footnotes":"","jetpack_publicize_message":"","jetpack_publicize_feature_enabled":true,"jetpack_social_post_already_shared":true,"jetpack_social_options":{"image_generator_settings":{"template":"highway","default_image_id":0,"font":"","enabled":false},"version":2}},"categories":[356],"tags":[],"class_list":["post-59172","post","type-post","status-publish","format-standard","has-post-thumbnail","hentry","category-veracruz"],"jetpack_publicize_connections":[],"jetpack_featured_media_url":"https:\/\/noticiasveracruz.com\/wp-content\/uploads\/2025\/06\/p012-avc-696x464-1.jpg","jetpack_sharing_enabled":true,"publishpress_future_action":{"enabled":false,"date":"2026-05-05 21:06:06","action":"change-status","newStatus":"draft","terms":[],"taxonomy":"category","extraData":[]},"publishpress_future_workflow_manual_trigger":{"enabledWorkflows":[]},"_links":{"self":[{"href":"https:\/\/noticiasveracruz.com\/index.php\/wp-json\/wp\/v2\/posts\/59172","targetHints":{"allow":["GET"]}}],"collection":[{"href":"https:\/\/noticiasveracruz.com\/index.php\/wp-json\/wp\/v2\/posts"}],"about":[{"href":"https:\/\/noticiasveracruz.com\/index.php\/wp-json\/wp\/v2\/types\/post"}],"author":[{"embeddable":true,"href":"https:\/\/noticiasveracruz.com\/index.php\/wp-json\/wp\/v2\/users\/4"}],"replies":[{"embeddable":true,"href":"https:\/\/noticiasveracruz.com\/index.php\/wp-json\/wp\/v2\/comments?post=59172"}],"version-history":[{"count":0,"href":"https:\/\/noticiasveracruz.com\/index.php\/wp-json\/wp\/v2\/posts\/59172\/revisions"}],"wp:featuredmedia":[{"embeddable":true,"href":"https:\/\/noticiasveracruz.com\/index.php\/wp-json\/wp\/v2\/media\/59173"}],"wp:attachment":[{"href":"https:\/\/noticiasveracruz.com\/index.php\/wp-json\/wp\/v2\/media?parent=59172"}],"wp:term":[{"taxonomy":"category","embeddable":true,"href":"https:\/\/noticiasveracruz.com\/index.php\/wp-json\/wp\/v2\/categories?post=59172"},{"taxonomy":"post_tag","embeddable":true,"href":"https:\/\/noticiasveracruz.com\/index.php\/wp-json\/wp\/v2\/tags?post=59172"}],"curies":[{"name":"wp","href":"https:\/\/api.w.org\/{rel}","templated":true}]}}