{"id":59170,"date":"2025-06-24T00:21:48","date_gmt":"2025-06-24T06:21:48","guid":{"rendered":"https:\/\/noticiasveracruz.com\/?p=59170"},"modified":"2025-06-23T21:48:37","modified_gmt":"2025-06-24T03:48:37","slug":"finanzas-veracruzanas-estables","status":"publish","type":"post","link":"https:\/\/noticiasveracruz.com\/index.php\/2025\/06\/24\/finanzas-veracruzanas-estables\/","title":{"rendered":"Finanzas veracruzanas estables"},"content":{"rendered":"<p><em>\u201cLa confianza en s\u00ed mismo es el primer secreto del \u00e9xito.\u201d \u2013 Ralph Waldo Emerson<\/em><\/p>\n<p><strong>El pasado 23 de junio, la agencia HR Ratings elev\u00f3 la calificaci\u00f3n crediticia del estado de Veracruz, otorg\u00e1ndole una \u201cA\u2013\u201d con perspectiva estable. Este hecho, m\u00e1s all\u00e1 de lo t\u00e9cnico, representa un espaldarazo a la pol\u00edtica de disciplina financiera emprendida por la administraci\u00f3n estatal encabezada por la gobernadora Roc\u00edo Nahle Garc\u00eda.<\/strong><\/p>\n<p><strong>En medio de un panorama nacional complicado y tras a\u00f1os de rezago econ\u00f3mico y deuda acumulada, la entidad ha logrado dar un giro positivo en su gesti\u00f3n p\u00fablica que las principales calificadoras burs\u00e1tiles del mundo ya reconocen.<\/strong><\/p>\n<p><strong>La mejora en la calificaci\u00f3n crediticia significa que Veracruz ahora es visto como un estado m\u00e1s confiable para los mercados. Esto le permite acceder a financiamiento con mejores condiciones, es decir, con menores tasas de inter\u00e9s, lo cual reduce el costo de la deuda y genera ahorros importantes que pueden redirigirse a inversi\u00f3n p\u00fablica, salud, educaci\u00f3n o infraestructura.<\/strong><\/p>\n<p><strong>Para el ciudadano com\u00fan, aunque no siempre tangible a simple vista, este avance puede traducirse en servicios p\u00fablicos m\u00e1s eficientes, obras realizadas en tiempo y forma y menos presi\u00f3n fiscal. En esencia, significa un gobierno que no depende del endeudamiento urgente para operar, sino que ha aprendido a sostenerse con sus propios recursos.<\/strong><\/p>\n<p><strong>Detr\u00e1s de este resultado hay decisiones administrativas clave: aumento en los ingresos propios \u2014como el impuesto sobre la n\u00f3mina y derechos vehiculares\u2014, contenci\u00f3n del gasto corriente y el respeto a techos de endeudamiento.<\/strong><\/p>\n<p><strong>La actual administraci\u00f3n no ha contratado nueva deuda de corto plazo, y ha mantenido bajo control el endeudamiento de largo plazo. La confianza en las finanzas estatales ha crecido, y con ella, la percepci\u00f3n de estabilidad pol\u00edtica.<\/strong><\/p>\n<p><strong>Sin embargo, no todo en Veracruz es solidez financiera. La vida institucional a\u00fan enfrenta desaf\u00edos que preocupan a sectores acad\u00e9micos y ciudadanos. <\/strong><\/p>\n<p><strong>Un ejemplo reciente es la decisi\u00f3n de la Junta de Gobierno de la Universidad Veracruzana (UV) de extender el mandato del actual rector, Mart\u00edn Aguilar, una medida vista por muchos como contraria al esp\u00edritu de autonom\u00eda universitaria.<\/strong><\/p>\n<p><strong>Esta decisi\u00f3n sienta un muy mal precedente, delicado, sobre todo, pues, aunque no afecta directamente las finanzas del estado, s\u00ed erosiona la confianza en la independencia de las instituciones p\u00fablicas, y m\u00e1s siendo la UV el emblema de la autonom\u00eda que desear\u00edamos tener en todos los \u00e1mbitos p\u00fablicos.<\/strong><\/p>\n<p><strong>Veracruz est\u00e1 logrando, con orden y responsabilidad, superar inercias negativas que durante a\u00f1os lo mantuvieron en el rezago econ\u00f3mico.<\/strong><\/p>\n<p><strong>Pero el verdadero reto ser\u00e1 consolidar ese orden sin perder de vista la transparencia, la rendici\u00f3n de cuentas y el respeto a la legalidad, principios indispensables si lo que se busca es no solo una buena calificaci\u00f3n crediticia, sino una buena calificaci\u00f3n ciudadana.<\/strong><\/p>\n<p><strong>\u00a0<\/strong><\/p>\n<p><strong>Al tiempo.<\/strong><\/p>\n<p><img loading=\"lazy\" decoding=\"async\" class=\"alignnone wp-image-59069 size-full\" src=\"http:\/\/noticiasveracruz.com\/wp-content\/uploads\/2025\/06\/FIRMA-EDITORIAL-PD-6.jpg\" alt=\"\" width=\"1024\" height=\"125\" srcset=\"https:\/\/noticiasveracruz.com\/wp-content\/uploads\/2025\/06\/FIRMA-EDITORIAL-PD-6.jpg 1024w, https:\/\/noticiasveracruz.com\/wp-content\/uploads\/2025\/06\/FIRMA-EDITORIAL-PD-6-300x37.jpg 300w, https:\/\/noticiasveracruz.com\/wp-content\/uploads\/2025\/06\/FIRMA-EDITORIAL-PD-6-768x94.jpg 768w\" sizes=\"auto, (max-width: 1024px) 100vw, 1024px\" \/><\/p>\n","protected":false},"excerpt":{"rendered":"<p>\u201cLa confianza en s\u00ed mismo es el primer secreto del \u00e9xito.\u201d \u2013 Ralph Waldo Emerson El pasado 23 de junio,<\/p>\n","protected":false},"author":4,"featured_media":30989,"comment_status":"closed","ping_status":"closed","sticky":false,"template":"","format":"standard","meta":{"colormag_page_container_layout":"default_layout","colormag_page_sidebar_layout":"default_layout","_jetpack_memberships_contains_paid_content":false,"footnotes":"","jetpack_publicize_message":"","jetpack_publicize_feature_enabled":true,"jetpack_social_post_already_shared":true,"jetpack_social_options":{"image_generator_settings":{"template":"highway","default_image_id":0,"font":"","enabled":false},"version":2}},"categories":[6],"tags":[],"class_list":["post-59170","post","type-post","status-publish","format-standard","has-post-thumbnail","hentry","category-columnistas"],"jetpack_publicize_connections":[],"jetpack_featured_media_url":"https:\/\/noticiasveracruz.com\/wp-content\/uploads\/2024\/05\/LUIS-RAMIREZ-BAQUEIRO-800x445-1.png","jetpack_sharing_enabled":true,"publishpress_future_action":{"enabled":false,"date":"2026-05-05 20:05:22","action":"change-status","newStatus":"draft","terms":[],"taxonomy":"category","extraData":[]},"publishpress_future_workflow_manual_trigger":{"enabledWorkflows":[]},"_links":{"self":[{"href":"https:\/\/noticiasveracruz.com\/index.php\/wp-json\/wp\/v2\/posts\/59170","targetHints":{"allow":["GET"]}}],"collection":[{"href":"https:\/\/noticiasveracruz.com\/index.php\/wp-json\/wp\/v2\/posts"}],"about":[{"href":"https:\/\/noticiasveracruz.com\/index.php\/wp-json\/wp\/v2\/types\/post"}],"author":[{"embeddable":true,"href":"https:\/\/noticiasveracruz.com\/index.php\/wp-json\/wp\/v2\/users\/4"}],"replies":[{"embeddable":true,"href":"https:\/\/noticiasveracruz.com\/index.php\/wp-json\/wp\/v2\/comments?post=59170"}],"version-history":[{"count":0,"href":"https:\/\/noticiasveracruz.com\/index.php\/wp-json\/wp\/v2\/posts\/59170\/revisions"}],"wp:featuredmedia":[{"embeddable":true,"href":"https:\/\/noticiasveracruz.com\/index.php\/wp-json\/wp\/v2\/media\/30989"}],"wp:attachment":[{"href":"https:\/\/noticiasveracruz.com\/index.php\/wp-json\/wp\/v2\/media?parent=59170"}],"wp:term":[{"taxonomy":"category","embeddable":true,"href":"https:\/\/noticiasveracruz.com\/index.php\/wp-json\/wp\/v2\/categories?post=59170"},{"taxonomy":"post_tag","embeddable":true,"href":"https:\/\/noticiasveracruz.com\/index.php\/wp-json\/wp\/v2\/tags?post=59170"}],"curies":[{"name":"wp","href":"https:\/\/api.w.org\/{rel}","templated":true}]}}