{"id":59165,"date":"2025-06-24T00:20:22","date_gmt":"2025-06-24T06:20:22","guid":{"rendered":"https:\/\/noticiasveracruz.com\/?p=59165"},"modified":"2025-06-23T21:43:06","modified_gmt":"2025-06-24T03:43:06","slug":"ataques-contra-iran-carecen-de-fundamento-y-justificacion-putin","status":"publish","type":"post","link":"https:\/\/noticiasveracruz.com\/index.php\/2025\/06\/24\/ataques-contra-iran-carecen-de-fundamento-y-justificacion-putin\/","title":{"rendered":"Ataques contra Ir\u00e1n carecen de fundamento y justificaci\u00f3n: Putin"},"content":{"rendered":"<p class=\"nota-justify\">Los ataques de Israel y Estados Unidos contra Ir\u00e1n son \u201cuna agresi\u00f3n absolutamente sin motivo, no tiene ning\u00fan fundamento ni justificaci\u00f3n\u201d, expres\u00f3 el titular del Kremlin, Vladimir Putin, al recibir este lunes al canciller de Ir\u00e1n,\u00a0Abbas Araghchi.<\/p>\n<p class=\"nota-justify\">Rusia \u2013agreg\u00f3 el mandatario ruso\u2013 \u201cest\u00e1 haciendo todo lo posible por apoyar al pueblo iran\u00ed\u201d, pero no se comprometi\u00f3, al menos de manera p\u00fablica, a proporcionar armamento o alg\u00fan otro tipo de asistencia en el \u00e1mbito militar.<\/p>\n<p class=\"nota-justify\">\u201cNuestra postura sobre los acontecimientos actuales es bien conocida. Ha sido expuesta con claridad en la declaraci\u00f3n especial del ministerio de Relaciones Exteriores y articulada despu\u00e9s en el Consejo de Seguridad de Naciones Unidas\u201d, se\u00f1al\u00f3 Putin.<\/p>\n<p class=\"nota-justify\">Y se alegr\u00f3 de que el canciller iran\u00ed haya venido a Mosc\u00fa: \u201cEsto nos dar\u00e1 la oportunidad de debatir todos los temas candentes y de reflexionar juntos acerca de c\u00f3mo salir de la situaci\u00f3n actual\u201d.<\/p>\n<p class=\"nota-justify\">Por su parte,\u00a0Araghchi,\u00a0manifest\u00f3 que espera que puedan abordar \u201ctoda la gama de cuestiones relacionadas con estos acontecimientos\u201d y agradeci\u00f3 a \u201cnuestros colegas, amigos rusos\u201d por \u201chaber condenado con firmeza las agresiones de Israel y Estados Unidos\u201d.<\/p>\n<p class=\"nota-justify\">El jefe de la diplomacia iran\u00ed destac\u00f3 que las relaciones entre Ir\u00e1n y Rusia son \u201cmuy estrechas y cordiales\u201d; en los a\u00f1os recientes, enfatiz\u00f3, adquirieron \u201ccar\u00e1cter estrat\u00e9gico\u201d.<\/p>\n<p class=\"nota-justify\">Al referirse a la escalada de tensi\u00f3n en Medio Oriente, subray\u00f3: \u201cLas acciones agresivas de Israel y Estados Unidos son absolutamente ileg\u00edtimas y violan las reglas y normas internacionales, y nosotros ahora defendemos nuestra soberan\u00eda y nuestra defensa tiene un car\u00e1cter leg\u00edtimo\u201d.<\/p>\n<p class=\"nota-justify\">Para\u00a0Araghchi, \u201cRusia se encuentra, hoy por hoy, en el lado correcto de la historia y del derecho internacional\u201d.<\/p>\n<p class=\"nota-justify\">Se comenta que el ministro de Relaciones Exteriores iran\u00ed vino a la capital rusa para entregar una carta del ayatollah, Ali Jamenei, l\u00edder supremo de la rep\u00fablica isl\u00e1mica, cuyo contenido no ha sido revelado.<\/p>\n<p class=\"nota-justify\">Seg\u00fan la agencia Reuters, en un despacho desde Teher\u00e1n, las autoridades iran\u00edes \u201cno est\u00e1n impresionadas\u201d por el papel desempe\u00f1ado por el Kremlin en este conflicto y quieren que Mosc\u00fa se involucre m\u00e1s.<\/p>\n<p class=\"nota-justify\">Algunos analistas estiman que, despu\u00e9s del ataque perpetrado por Estados Unidos la madrugada del pasado domingo, podr\u00eda tratarse de una eventual petici\u00f3n de sistemas de defensa antia\u00e9rea y otro tipo de armamento convencional, que tiempo atr\u00e1s Teher\u00e1n quiso adquirir y Mosc\u00fa, entonces, no satisfizo para no empeorar sus v\u00ednculos con Israel y los pa\u00edses del Golfo P\u00e9rsico.<\/p>\n<p class=\"nota-justify\">El comunicado oficial del Kremlin sobre el encuentro de Putin con\u00a0Araghchi\u00a0no hace ninguna menci\u00f3n a que hablaron de \u201ccooperaci\u00f3n en el \u00e1mbito militar\u201d y hace unos d\u00edas, al indicar en San Petersburgo que Rusia no se iba a involucrar militarmente en la guerra entre Ir\u00e1n e Israel, el presidente ruso dio a entender que Teher\u00e1n no hab\u00eda solicitado armas a Mosc\u00fa ni las necesitaba.<\/p>\n<p class=\"nota-justify\">Cuando los reporteros preguntaron este lunes al vocero de la presidencia rusa, Dimitri Peskov, qu\u00e9 estaba dispuesto a hacer Mosc\u00fa para ayudar a Teher\u00e1n, por ejemplo otorgar asistencia que no sea de car\u00e1cter humanitario, contest\u00f3: \u201cEso depende de qu\u00e9 es lo que nos pidan\u201d.<\/p>\n<p class=\"nota-justify\">El portavoz ruso neg\u00f3 que el ataque de Estados Unidos contra instalaciones nucleares de Ir\u00e1n, \u201caliado estrat\u00e9gico\u201d de Rusia, va a afectar el incipiente di\u00e1logo para normalizar nexos entre Mosc\u00fa y Washington.<\/p>\n<p class=\"nota-justify\">\u201cSe trata de cosas diferentes. Con Ir\u00e1n mantenemos relaciones de asociaci\u00f3n estrat\u00e9gica, pero tambi\u00e9n estamos comprometidos con restablecer nuestras relaciones con Estados Unidos. Ambas vertientes son muy importantes\u201d, declar\u00f3 Peskov a la televisi\u00f3n rusa.<\/p>\n","protected":false},"excerpt":{"rendered":"<p>Los ataques de Israel y Estados Unidos contra Ir\u00e1n son \u201cuna agresi\u00f3n absolutamente sin motivo, no tiene ning\u00fan fundamento ni<\/p>\n","protected":false},"author":4,"featured_media":59166,"comment_status":"closed","ping_status":"closed","sticky":false,"template":"","format":"standard","meta":{"colormag_page_container_layout":"default_layout","colormag_page_sidebar_layout":"default_layout","_jetpack_memberships_contains_paid_content":false,"footnotes":"","jetpack_publicize_message":"","jetpack_publicize_feature_enabled":true,"jetpack_social_post_already_shared":true,"jetpack_social_options":{"image_generator_settings":{"template":"highway","default_image_id":0,"font":"","enabled":false},"version":2}},"categories":[355],"tags":[],"class_list":["post-59165","post","type-post","status-publish","format-standard","has-post-thumbnail","hentry","category-internacional"],"jetpack_publicize_connections":[],"jetpack_featured_media_url":"https:\/\/noticiasveracruz.com\/wp-content\/uploads\/2025\/06\/PUU.jpg","jetpack_sharing_enabled":true,"publishpress_future_action":{"enabled":false,"date":"2026-05-05 19:48:31","action":"change-status","newStatus":"draft","terms":[],"taxonomy":"category","extraData":[]},"publishpress_future_workflow_manual_trigger":{"enabledWorkflows":[]},"_links":{"self":[{"href":"https:\/\/noticiasveracruz.com\/index.php\/wp-json\/wp\/v2\/posts\/59165","targetHints":{"allow":["GET"]}}],"collection":[{"href":"https:\/\/noticiasveracruz.com\/index.php\/wp-json\/wp\/v2\/posts"}],"about":[{"href":"https:\/\/noticiasveracruz.com\/index.php\/wp-json\/wp\/v2\/types\/post"}],"author":[{"embeddable":true,"href":"https:\/\/noticiasveracruz.com\/index.php\/wp-json\/wp\/v2\/users\/4"}],"replies":[{"embeddable":true,"href":"https:\/\/noticiasveracruz.com\/index.php\/wp-json\/wp\/v2\/comments?post=59165"}],"version-history":[{"count":0,"href":"https:\/\/noticiasveracruz.com\/index.php\/wp-json\/wp\/v2\/posts\/59165\/revisions"}],"wp:featuredmedia":[{"embeddable":true,"href":"https:\/\/noticiasveracruz.com\/index.php\/wp-json\/wp\/v2\/media\/59166"}],"wp:attachment":[{"href":"https:\/\/noticiasveracruz.com\/index.php\/wp-json\/wp\/v2\/media?parent=59165"}],"wp:term":[{"taxonomy":"category","embeddable":true,"href":"https:\/\/noticiasveracruz.com\/index.php\/wp-json\/wp\/v2\/categories?post=59165"},{"taxonomy":"post_tag","embeddable":true,"href":"https:\/\/noticiasveracruz.com\/index.php\/wp-json\/wp\/v2\/tags?post=59165"}],"curies":[{"name":"wp","href":"https:\/\/api.w.org\/{rel}","templated":true}]}}