{"id":59162,"date":"2025-06-24T00:19:17","date_gmt":"2025-06-24T06:19:17","guid":{"rendered":"https:\/\/noticiasveracruz.com\/?p=59162"},"modified":"2025-06-23T21:40:37","modified_gmt":"2025-06-24T03:40:37","slug":"desestima-trump-ataque-irani-contra-bases-militares-en-qatar-e-irak","status":"publish","type":"post","link":"https:\/\/noticiasveracruz.com\/index.php\/2025\/06\/24\/desestima-trump-ataque-irani-contra-bases-militares-en-qatar-e-irak\/","title":{"rendered":"Desestima Trump ataque iran\u00ed contra bases militares en Qatar e Irak"},"content":{"rendered":"<p class=\"nota-justify\">El presidente de Estados Unidos, Donald Trump, minimiz\u00f3 el ataque iran\u00ed con misiles contra instalaciones militares en Qatar e Irak. El magnate public\u00f3 en su red Truth Social: \u00a0Ir\u00e1n ha respondido oficialmente a nuestra destrucci\u00f3n de sus instalaciones nucleares con una respuesta muy d\u00e9bil, algo que esper\u00e1bamos y que hemos contrarrestado con gran eficacia.<\/p>\n<p class=\"nota-justify\">El jefe de la Casa blanca detall\u00f3 que se \u00abhan disparado 14 misiles: 13 fueron derribados y uno fue liberado, ya que se dirig\u00eda en una direcci\u00f3n no amenazante\u00bb. Detall\u00f3 que ning\u00fan estadunidense result\u00f3 herido en el ataque y que los da\u00f1os fueron m\u00ednimos.<\/p>\n<p class=\"nota-justify\">En ese sentido, el dignatario republicano agreg\u00f3 que \u00ablo m\u00e1s importante es que se han desahogado y, con suerte, no habr\u00e1 m\u00e1s odio. Quiero agradecer a Ir\u00e1n por avisarnos con antelaci\u00f3n, lo que permiti\u00f3 que no se perdieran vidas ni que nadie resultara herido\u00bb.<\/p>\n<p class=\"nota-justify\">Al final de su publicaci\u00f3n, Trump manifest\u00f3 que \u00abquiz\u00e1s Ir\u00e1n pueda ahora avanzar hacia la paz y la armon\u00eda en la regi\u00f3n, y animar\u00e9 con entusiasmo a Israel a que haga lo mismo. \u00a1Gracias por su atenci\u00f3n a este asunto!\u00bb<\/p>\n","protected":false},"excerpt":{"rendered":"<p>El presidente de Estados Unidos, Donald Trump, minimiz\u00f3 el ataque iran\u00ed con misiles contra instalaciones militares en Qatar e Irak.<\/p>\n","protected":false},"author":4,"featured_media":59163,"comment_status":"closed","ping_status":"closed","sticky":false,"template":"","format":"standard","meta":{"colormag_page_container_layout":"default_layout","colormag_page_sidebar_layout":"default_layout","_jetpack_memberships_contains_paid_content":false,"footnotes":"","jetpack_publicize_message":"","jetpack_publicize_feature_enabled":true,"jetpack_social_post_already_shared":true,"jetpack_social_options":{"image_generator_settings":{"template":"highway","default_image_id":0,"font":"","enabled":false},"version":2}},"categories":[355],"tags":[],"class_list":["post-59162","post","type-post","status-publish","format-standard","has-post-thumbnail","hentry","category-internacional"],"jetpack_publicize_connections":[],"jetpack_featured_media_url":"https:\/\/noticiasveracruz.com\/wp-content\/uploads\/2025\/06\/desestima-trump-ataque-irani-contra-bases-militares-en-qatar-e-irak_6a6c77a5-d00e-41de-afe0-3e5c2162cb96_mediarawimagetrue.jpg","jetpack_sharing_enabled":true,"publishpress_future_action":{"enabled":false,"date":"2026-05-05 19:35:03","action":"change-status","newStatus":"draft","terms":[],"taxonomy":"category","extraData":[]},"publishpress_future_workflow_manual_trigger":{"enabledWorkflows":[]},"_links":{"self":[{"href":"https:\/\/noticiasveracruz.com\/index.php\/wp-json\/wp\/v2\/posts\/59162","targetHints":{"allow":["GET"]}}],"collection":[{"href":"https:\/\/noticiasveracruz.com\/index.php\/wp-json\/wp\/v2\/posts"}],"about":[{"href":"https:\/\/noticiasveracruz.com\/index.php\/wp-json\/wp\/v2\/types\/post"}],"author":[{"embeddable":true,"href":"https:\/\/noticiasveracruz.com\/index.php\/wp-json\/wp\/v2\/users\/4"}],"replies":[{"embeddable":true,"href":"https:\/\/noticiasveracruz.com\/index.php\/wp-json\/wp\/v2\/comments?post=59162"}],"version-history":[{"count":0,"href":"https:\/\/noticiasveracruz.com\/index.php\/wp-json\/wp\/v2\/posts\/59162\/revisions"}],"wp:featuredmedia":[{"embeddable":true,"href":"https:\/\/noticiasveracruz.com\/index.php\/wp-json\/wp\/v2\/media\/59163"}],"wp:attachment":[{"href":"https:\/\/noticiasveracruz.com\/index.php\/wp-json\/wp\/v2\/media?parent=59162"}],"wp:term":[{"taxonomy":"category","embeddable":true,"href":"https:\/\/noticiasveracruz.com\/index.php\/wp-json\/wp\/v2\/categories?post=59162"},{"taxonomy":"post_tag","embeddable":true,"href":"https:\/\/noticiasveracruz.com\/index.php\/wp-json\/wp\/v2\/tags?post=59162"}],"curies":[{"name":"wp","href":"https:\/\/api.w.org\/{rel}","templated":true}]}}