{"id":59159,"date":"2025-06-24T00:18:36","date_gmt":"2025-06-24T06:18:36","guid":{"rendered":"https:\/\/noticiasveracruz.com\/?p=59159"},"modified":"2025-06-23T21:38:20","modified_gmt":"2025-06-24T03:38:20","slug":"iran-dice-que-no-hay-alto-el-fuego-tomaran-una-decision-mas-tarde","status":"publish","type":"post","link":"https:\/\/noticiasveracruz.com\/index.php\/2025\/06\/24\/iran-dice-que-no-hay-alto-el-fuego-tomaran-una-decision-mas-tarde\/","title":{"rendered":"Ir\u00e1n dice que no hay alto el fuego; tomar\u00e1n una decisi\u00f3n m\u00e1s tarde"},"content":{"rendered":"<p>El ministro de Exteriores de Ir\u00e1n, Abbas Araghchi, ha desmentido en las \u00faltimas horas la existencia de un alto el fuego acordado con Israel, tal como anunci\u00f3 el presidente estadunidense, Donald Trump, y ha declarado que las autoridades iran\u00edes tomar\u00e1n una decisi\u00f3n a este respecto \u00abm\u00e1s tarde\u00bb.<\/p>\n<p>\u00abHasta el momento, no hay ning\u00fan \u00abacuerdo\u00bb sobre ning\u00fan alto el fuego ni cese de operaciones militares. Sin embargo, siempre que el r\u00e9gimen israel\u00ed cese su agresi\u00f3n ilegal contra el pueblo iran\u00ed a m\u00e1s tardar a las 4.00 horas (hora local, 3.00 hora peninsular espa\u00f1ola), no tenemos intenci\u00f3n de continuar nuestra respuesta despu\u00e9s\u00bb, ha anunciado en su cuenta de la red social X, donde ha se\u00f1alado que \u00abla decisi\u00f3n final sobre el cese de nuestras operaciones militares se tomar\u00e1 m\u00e1s tarde\u00bb.<\/p>\n<p>Posteriormente, en la misma plataforma, ha confirmado que las operaciones militares \u00abpara castigar a Israel por su agresi\u00f3n\u00bb han terminado a la hora prevista, y ha agradecido a las Fuerzas Armadas iran\u00edes \u00abque respondieron a cualquier ataque del enemigo hasta el \u00faltimo minuto\u00bb.<\/p>\n<p>Asimismo, el jefe de la diplomacia iran\u00ed ha aprovechado para reiterar que \u00abIsrael lanz\u00f3 la guerra contra Ir\u00e1n, no al rev\u00e9s\u00bb, despu\u00e9s de que el pasado 13 de junio, Israel lanzara una oleada de ataques contra objetivos nucleares en el pa\u00eds centroasi\u00e1tico.<\/p>\n<p>Araghchi ha desmentido as\u00ed las palabras del inquilino de la Casa Blanca sobre un acuerdo \u00abcompleto y total\u00bb de alto el fuego alcanzado por las autoridades de ambos pa\u00edses y que terminar\u00eda con lo que ha calificado de \u00abLa Guerra de Doce D\u00edas\u00bb.<\/p>\n<p>\u00abSe ha acordado plenamente por y entre Israel e Ir\u00e1n que habr\u00e1 un completo y total alto el fuego (en aproximadamente seis horas a partir de ahora, cuando Israel e Ir\u00e1n se hayan retirado y completado sus misiones finales en curso), durante doce horas, momento en el que la guerra se considerar\u00e1 \u00a1terminada!\u00bb, ha declarado en su plataforma de Truth Social, antes de felicitar a los dos pa\u00edses.<\/p>\n<p>El mandatario estadunidense ha llegado a asegurar que Ir\u00e1n \u00abcomenzar\u00e1\u00bb la tregua, sigui\u00e9ndole Israel \u00aba la 12\u00aa hora\u00bb, mientras que \u00aba la 24\u00aa hora, el mundo saludar\u00e1 el fin oficial de la guerra de doce d\u00edas\u00bb. \u00abDurante cada alto el fuego, el otro lado permanecer\u00e1 en paz y respeto\u00bb, ha agregado.<\/p>\n","protected":false},"excerpt":{"rendered":"<p>El ministro de Exteriores de Ir\u00e1n, Abbas Araghchi, ha desmentido en las \u00faltimas horas la existencia de un alto el<\/p>\n","protected":false},"author":4,"featured_media":59160,"comment_status":"closed","ping_status":"closed","sticky":false,"template":"","format":"standard","meta":{"colormag_page_container_layout":"default_layout","colormag_page_sidebar_layout":"default_layout","_jetpack_memberships_contains_paid_content":false,"footnotes":"","jetpack_publicize_message":"","jetpack_publicize_feature_enabled":true,"jetpack_social_post_already_shared":true,"jetpack_social_options":{"image_generator_settings":{"template":"highway","default_image_id":0,"font":"","enabled":false},"version":2}},"categories":[355],"tags":[],"class_list":["post-59159","post","type-post","status-publish","format-standard","has-post-thumbnail","hentry","category-internacional"],"jetpack_publicize_connections":[],"jetpack_featured_media_url":"https:\/\/noticiasveracruz.com\/wp-content\/uploads\/2025\/06\/IRA-1.jpg","jetpack_sharing_enabled":true,"publishpress_future_action":{"enabled":false,"date":"2026-05-05 19:16:20","action":"change-status","newStatus":"draft","terms":[],"taxonomy":"category","extraData":[]},"publishpress_future_workflow_manual_trigger":{"enabledWorkflows":[]},"_links":{"self":[{"href":"https:\/\/noticiasveracruz.com\/index.php\/wp-json\/wp\/v2\/posts\/59159","targetHints":{"allow":["GET"]}}],"collection":[{"href":"https:\/\/noticiasveracruz.com\/index.php\/wp-json\/wp\/v2\/posts"}],"about":[{"href":"https:\/\/noticiasveracruz.com\/index.php\/wp-json\/wp\/v2\/types\/post"}],"author":[{"embeddable":true,"href":"https:\/\/noticiasveracruz.com\/index.php\/wp-json\/wp\/v2\/users\/4"}],"replies":[{"embeddable":true,"href":"https:\/\/noticiasveracruz.com\/index.php\/wp-json\/wp\/v2\/comments?post=59159"}],"version-history":[{"count":0,"href":"https:\/\/noticiasveracruz.com\/index.php\/wp-json\/wp\/v2\/posts\/59159\/revisions"}],"wp:featuredmedia":[{"embeddable":true,"href":"https:\/\/noticiasveracruz.com\/index.php\/wp-json\/wp\/v2\/media\/59160"}],"wp:attachment":[{"href":"https:\/\/noticiasveracruz.com\/index.php\/wp-json\/wp\/v2\/media?parent=59159"}],"wp:term":[{"taxonomy":"category","embeddable":true,"href":"https:\/\/noticiasveracruz.com\/index.php\/wp-json\/wp\/v2\/categories?post=59159"},{"taxonomy":"post_tag","embeddable":true,"href":"https:\/\/noticiasveracruz.com\/index.php\/wp-json\/wp\/v2\/tags?post=59159"}],"curies":[{"name":"wp","href":"https:\/\/api.w.org\/{rel}","templated":true}]}}