{"id":59156,"date":"2025-06-24T00:17:02","date_gmt":"2025-06-24T06:17:02","guid":{"rendered":"https:\/\/noticiasveracruz.com\/?p=59156"},"modified":"2025-06-23T21:36:44","modified_gmt":"2025-06-24T03:36:44","slug":"rechazan-opositores-en-argentina-postura-de-milei-contra-iran","status":"publish","type":"post","link":"https:\/\/noticiasveracruz.com\/index.php\/2025\/06\/24\/rechazan-opositores-en-argentina-postura-de-milei-contra-iran\/","title":{"rendered":"Rechazan opositores en Argentina postura de Milei contra Ir\u00e1n"},"content":{"rendered":"<p class=\"nota-justify\">El opositor y peronista Partido Justicialista (PJ) rechaz\u00f3 \u201ccateg\u00f3ricamente\u201d las declaraciones del presidente, Javier Milei en su pronunciamiento reciente cuando declar\u00f3 que \u201cIr\u00e1n es enemigo de Argentina\u201d tomando posiciones, que en estas graves circunstancias deben ser consultadas y decididas por el Congreso.<\/p>\n<p class=\"nota-justify\">El PJ expres\u00f3 en un comunicado \u201csu categ\u00f3rico rechazo a las temerarias declaraciones del presidente Javier Milei sobre la condici\u00f3n de &#8216;enemigos&#8217; que aplica a otras naciones. Sus prepotentes exabruptos discursivos reflejan, una vez m\u00e1s, negligencia e imprudencia\u00bb.<\/p>\n<p class=\"nota-justify\">Asever\u00f3 que sus dichos \u201cirresponsables exponen de modo innecesario a nuestros ciudadanos a situaciones de violencia y retaliaci\u00f3n toda vez que manifiestan las opiniones personales del mandatario antes que el inter\u00e9s nacional y el bienestar y la tranquilidad de los argentinos y argentinas en el pa\u00eds y el exterior\u00bb.<\/p>\n<p class=\"nota-justify\">Consider\u00f3 que Argentina \u00abes una naci\u00f3n soberana que, ante las distintas disputas armadas internacionales, debe perseguir siempre la paz y hacer un fuerte llamado al di\u00e1logo y a la negociaci\u00f3n (\u2026) El mundo no puede seguir aceptando agresiones y enfrentamientos que nos pueden conducir a todos a una situaci\u00f3n letal descontrolada\u00bb, y advirti\u00f3 que \u201cla amenaza o el uso de la fuerza nunca son recursos justificados, cuando existen canales pac\u00edficos para la resoluci\u00f3n de los conflictos\u00bb.<\/p>\n<p class=\"nota-justify\">Record\u00f3 que Argentina hist\u00f3ricamente ha estado comprometido con la no violencia, \u201cuna naci\u00f3n sin enemigos predeterminados y con una s\u00f3lida vocaci\u00f3n multilateralista y comprometida con la preservaci\u00f3n de Am\u00e9rica Latina como zona de paz. Un pa\u00eds que ha respetado a todos y que jam\u00e1s deber\u00eda ser sat\u00e9lite de nadie\u00bb.<\/p>\n<p class=\"nota-justify\">Defini\u00f3 que \u201cnuestra agenda internacional debe alinearse con nuestro inter\u00e9s nacional\u201d, y en ese sentido \u201cno es conveniente para el pueblo argentino involucrarse de modo militante en guerras ajenas y lejanas donde no existen intereses vitales en juego y que pueden generar acciones de violencia en nuestro propio territorio\u00a0o poner en riesgo a nuestros recursos e intereses en el extranjero\u201d.<\/p>\n<p class=\"nota-justify\">Ante estos \u201cescenarios de aniquilamiento y destrucci\u00f3n, como los ataques llevados a cabo d\u00edas atr\u00e1s por Estados Unidos (contra Ir\u00e1n), debe ser siempre llamar a las partes al acuerdo, a la paz y la convivencia\u201d, para detener la escalada de muerte.<\/p>\n<p class=\"nota-justify\">Esto sucede en momentos que diputados de Uni\u00f3n por la Patria comunicaron que impulsan un \u201cjuicio pol\u00edtico\u201d contra el presidente cuando varias organizaciones pol\u00edticas, sociales humanitarias y culturales piden lo mismo y recogen miles de firmas en todo el pa\u00eds por la reiteraci\u00f3n de Milei en nuevas declaraciones sosteniendo que Ir\u00e1n es enemigo de Argentina. Entre otros dichos y decretos grav\u00edsimos sin consultas al Congreso dijo tambi\u00e9n que Israel \u201cest\u00e1 haciendo el trabajo sucio que no hacen otros\u201d.<\/p>\n<p class=\"nota-justify\">Por su parte, el diputado de Uni\u00f3n por la Patria, Eduardo Toniolli ya present\u00f3 un pedido de juicio pol\u00edtico contra el presidente quien no s\u00f3lo manifest\u00f3 \u201cel apoyo incondicional de Argentina a Israel y Estados Unidos\u201d, sino que con esta postura Milei intenta involucrar a Argentina en un conflicto b\u00e9lico internacional \u201csin pasar por el Congreso es una violaci\u00f3n de toda nuestra normativa\u201d, ya que es el Legislativo el que \u201chabilita o no al Poder Ejecutivo a la paz y a la guerra\u201d.<\/p>\n<p class=\"nota-justify\">El diputado se\u00f1al\u00f3 que este tipo de maniobras busca evadir al Congreso \u201c\u00bfPor qu\u00e9 se hace de esta manera? Para esquivar al Congreso, que es una pr\u00e1ctica usual en nuestro gobierno\u201d, pregunt\u00f3. \u201cEntendemos que es causal de juicio pol\u00edtico. Vamos a empezar a trabajar al respecto\u201d.<\/p>\n<p class=\"nota-justify\">Aclar\u00f3 que si bien la iniciativa parti\u00f3 desde su bloque, buscar\u00e1n apoyo parlamentario. \u201cEs una iniciativa nuestra, pero vamos a ver si podemos ampliarlo a otros bloques\u201d, dijo. Y subray\u00f3: \u201cCreemos que esto tiene que estar en el centro de la escena. No se puede ser ajeno a esta situaci\u00f3n\u201d.<\/p>\n","protected":false},"excerpt":{"rendered":"<p>El opositor y peronista Partido Justicialista (PJ) rechaz\u00f3 \u201ccateg\u00f3ricamente\u201d las declaraciones del presidente, Javier Milei en su pronunciamiento reciente cuando<\/p>\n","protected":false},"author":4,"featured_media":59157,"comment_status":"closed","ping_status":"closed","sticky":false,"template":"","format":"standard","meta":{"colormag_page_container_layout":"default_layout","colormag_page_sidebar_layout":"default_layout","_jetpack_memberships_contains_paid_content":false,"footnotes":"","jetpack_publicize_message":"","jetpack_publicize_feature_enabled":true,"jetpack_social_post_already_shared":true,"jetpack_social_options":{"image_generator_settings":{"template":"highway","default_image_id":0,"font":"","enabled":false},"version":2}},"categories":[355],"tags":[],"class_list":["post-59156","post","type-post","status-publish","format-standard","has-post-thumbnail","hentry","category-internacional"],"jetpack_publicize_connections":[],"jetpack_featured_media_url":"https:\/\/noticiasveracruz.com\/wp-content\/uploads\/2025\/06\/ESTUPI.jpg","jetpack_sharing_enabled":true,"publishpress_future_action":{"enabled":false,"date":"2026-05-05 18:55:49","action":"change-status","newStatus":"draft","terms":[],"taxonomy":"category","extraData":[]},"publishpress_future_workflow_manual_trigger":{"enabledWorkflows":[]},"_links":{"self":[{"href":"https:\/\/noticiasveracruz.com\/index.php\/wp-json\/wp\/v2\/posts\/59156","targetHints":{"allow":["GET"]}}],"collection":[{"href":"https:\/\/noticiasveracruz.com\/index.php\/wp-json\/wp\/v2\/posts"}],"about":[{"href":"https:\/\/noticiasveracruz.com\/index.php\/wp-json\/wp\/v2\/types\/post"}],"author":[{"embeddable":true,"href":"https:\/\/noticiasveracruz.com\/index.php\/wp-json\/wp\/v2\/users\/4"}],"replies":[{"embeddable":true,"href":"https:\/\/noticiasveracruz.com\/index.php\/wp-json\/wp\/v2\/comments?post=59156"}],"version-history":[{"count":0,"href":"https:\/\/noticiasveracruz.com\/index.php\/wp-json\/wp\/v2\/posts\/59156\/revisions"}],"wp:featuredmedia":[{"embeddable":true,"href":"https:\/\/noticiasveracruz.com\/index.php\/wp-json\/wp\/v2\/media\/59157"}],"wp:attachment":[{"href":"https:\/\/noticiasveracruz.com\/index.php\/wp-json\/wp\/v2\/media?parent=59156"}],"wp:term":[{"taxonomy":"category","embeddable":true,"href":"https:\/\/noticiasveracruz.com\/index.php\/wp-json\/wp\/v2\/categories?post=59156"},{"taxonomy":"post_tag","embeddable":true,"href":"https:\/\/noticiasveracruz.com\/index.php\/wp-json\/wp\/v2\/tags?post=59156"}],"curies":[{"name":"wp","href":"https:\/\/api.w.org\/{rel}","templated":true}]}}