{"id":59153,"date":"2025-06-24T00:16:25","date_gmt":"2025-06-24T06:16:25","guid":{"rendered":"https:\/\/noticiasveracruz.com\/?p=59153"},"modified":"2025-06-23T21:34:09","modified_gmt":"2025-06-24T03:34:09","slug":"recolectan-mas-de-20-toneladas-diarias-de-lirio-acuatico-en-acapulco","status":"publish","type":"post","link":"https:\/\/noticiasveracruz.com\/index.php\/2025\/06\/24\/recolectan-mas-de-20-toneladas-diarias-de-lirio-acuatico-en-acapulco\/","title":{"rendered":"Recolectan m\u00e1s de 20 toneladas diarias de lirio acu\u00e1tico en Acapulco"},"content":{"rendered":"<p class=\"nota-justify\">M\u00e1s de 20 toneladas diarias de lirio acu\u00e1tico han sido recolectadas desde el s\u00e1bado pasado en playas de la bah\u00eda de Acapulco, el cual ha sido arrastrado por las corrientes marinas, luego de que en d\u00edas pasados se abri\u00f3 de forma natural la Barra de Coyuca, al poniente de la ciudad de Acapulco.<\/p>\n<p class=\"nota-justify\">Prestadores de servicios calificaron el hecho como hist\u00f3rico, lo cual atribuyeron al cambio de corrientes marinas, pues nunca se hab\u00eda visto que el lirio acu\u00e1tico fuera impulsado por el mar hacia la franja de arena.<\/p>\n<p class=\"nota-justify\">Playas como El Morro, Papagayo, Malib\u00fa, se vieron repletas de esta planta.<\/p>\n<p class=\"nota-justify\">Las autoridades subrayaron que el lirio no pone en riesgo la salud humana.<\/p>\n<p class=\"nota-justify\">Aunque impide que los ba\u00f1istas disfruten plenamente de su visita a las playas, pues adem\u00e1s de lirios, las corrientes arrastraron troncos de gran tama\u00f1o, ramas, y uno que otro desecho inorg\u00e1nico.<\/p>\n<p class=\"nota-justify\">En las labores de limpieza participa\u00a0personal de Promotora de Playas, Secretar\u00eda de Turismo de Guerrero, Fondo Nacional de Fomento al Turismo y prestadores de servicios de la franja de arena, en brigadas que se dividieron a lo largo de las playas de la bah\u00eda de Acapulco, desde Caletilla y Caleta, hasta la playa Icacos.<\/p>\n<p class=\"nota-justify\">Para retirar el lirio, conocido tambi\u00e9n como cola de pato o co\u00f1o, brigadistas han utilizado palas, rastrillos, con ayuda de tres m\u00e1quinas retroexcavadoras, adem\u00e1s de camiones de volteo para trasladar el lirio al relleno sanitario.<\/p>\n","protected":false},"excerpt":{"rendered":"<p>M\u00e1s de 20 toneladas diarias de lirio acu\u00e1tico han sido recolectadas desde el s\u00e1bado pasado en playas de la bah\u00eda<\/p>\n","protected":false},"author":4,"featured_media":59154,"comment_status":"closed","ping_status":"closed","sticky":false,"template":"","format":"standard","meta":{"colormag_page_container_layout":"default_layout","colormag_page_sidebar_layout":"default_layout","_jetpack_memberships_contains_paid_content":false,"footnotes":"","jetpack_publicize_message":"","jetpack_publicize_feature_enabled":true,"jetpack_social_post_already_shared":true,"jetpack_social_options":{"image_generator_settings":{"template":"highway","default_image_id":0,"font":"","enabled":false},"version":2}},"categories":[145],"tags":[],"class_list":["post-59153","post","type-post","status-publish","format-standard","has-post-thumbnail","hentry","category-estados"],"jetpack_publicize_connections":[],"jetpack_featured_media_url":"https:\/\/noticiasveracruz.com\/wp-content\/uploads\/2025\/06\/ACA.jpg","jetpack_sharing_enabled":true,"publishpress_future_action":{"enabled":false,"date":"2026-05-05 18:36:38","action":"change-status","newStatus":"draft","terms":[],"taxonomy":"category","extraData":[]},"publishpress_future_workflow_manual_trigger":{"enabledWorkflows":[]},"_links":{"self":[{"href":"https:\/\/noticiasveracruz.com\/index.php\/wp-json\/wp\/v2\/posts\/59153","targetHints":{"allow":["GET"]}}],"collection":[{"href":"https:\/\/noticiasveracruz.com\/index.php\/wp-json\/wp\/v2\/posts"}],"about":[{"href":"https:\/\/noticiasveracruz.com\/index.php\/wp-json\/wp\/v2\/types\/post"}],"author":[{"embeddable":true,"href":"https:\/\/noticiasveracruz.com\/index.php\/wp-json\/wp\/v2\/users\/4"}],"replies":[{"embeddable":true,"href":"https:\/\/noticiasveracruz.com\/index.php\/wp-json\/wp\/v2\/comments?post=59153"}],"version-history":[{"count":0,"href":"https:\/\/noticiasveracruz.com\/index.php\/wp-json\/wp\/v2\/posts\/59153\/revisions"}],"wp:featuredmedia":[{"embeddable":true,"href":"https:\/\/noticiasveracruz.com\/index.php\/wp-json\/wp\/v2\/media\/59154"}],"wp:attachment":[{"href":"https:\/\/noticiasveracruz.com\/index.php\/wp-json\/wp\/v2\/media?parent=59153"}],"wp:term":[{"taxonomy":"category","embeddable":true,"href":"https:\/\/noticiasveracruz.com\/index.php\/wp-json\/wp\/v2\/categories?post=59153"},{"taxonomy":"post_tag","embeddable":true,"href":"https:\/\/noticiasveracruz.com\/index.php\/wp-json\/wp\/v2\/tags?post=59153"}],"curies":[{"name":"wp","href":"https:\/\/api.w.org\/{rel}","templated":true}]}}