{"id":59129,"date":"2025-06-24T00:08:50","date_gmt":"2025-06-24T06:08:50","guid":{"rendered":"https:\/\/noticiasveracruz.com\/?p=59129"},"modified":"2025-06-23T21:10:42","modified_gmt":"2025-06-24T03:10:42","slug":"entrega-mario-delgado-500-pares-de-lentes-gratuitos-a-alumnos-de-escuela-primaria","status":"publish","type":"post","link":"https:\/\/noticiasveracruz.com\/index.php\/2025\/06\/24\/entrega-mario-delgado-500-pares-de-lentes-gratuitos-a-alumnos-de-escuela-primaria\/","title":{"rendered":"Entrega Mario Delgado 500 pares de lentes gratuitos a alumnos de escuela primaria"},"content":{"rendered":"<p class=\"nota-justify\">El secretario de Educaci\u00f3n P\u00fablica, Mario Delgado Carrillo, encabez\u00f3 la primera entrega de 500 pares de lentes gratuitos a ni\u00f1as y ni\u00f1os de primaria que asisten a tres escuelas p\u00fablicas de la zona escolar 228 en la Ciudad de M\u00e9xico, acci\u00f3n que forma parte de la estrategia nacional Vive saludable, vive feliz y de las Jornadas de Salud.<\/p>\n<p class=\"nota-justify\">Agreg\u00f3 que con dicha estrategia se han visitado hasta la fecha 17 mil 588 escuelas para evaluar a m\u00e1s de 2.7 millones de ni\u00f1as y ni\u00f1os, con la participaci\u00f3n de 7 mil 744 especialistas en salud.<\/p>\n<p class=\"nota-justify\">Ante m\u00e1s de 900 asistentes \u2014entre estudiantes, docentes y autoridades educativas\u2014 reunidos en la primaria \u201cAurelio Maldonado Cedillo\u201d, en la alcald\u00eda Gustavo A. Madero, explic\u00f3 que, en el Informe de resultados de salud emitido por el personal m\u00e9dico especialista en las valoraciones realizadas durante las Jornadas de Salud, se inform\u00f3 a madres, padres y familias a qu\u00e9 cl\u00ednicas deb\u00edan acudir para que sus hijas e hijos fueran valorados por un optometrista y, posteriormente, recibieran sus lentes de manera gratuita.<\/p>\n<p class=\"nota-justify\">\u201cEstoy seguro de que todos van a salir muy contentos con sus lentes, porque van a poder ver mejor, leer mejor y aprender mejor. Muchas gracias a los pap\u00e1s y las mam\u00e1s que hicieron el esfuerzo de llevarlos a la cl\u00ednica\u201d, expres\u00f3.<\/p>\n<p class=\"nota-justify\">Reiter\u00f3 que, gracias a la citada estrategia se detect\u00f3 que cuatro de cada diez ni\u00f1os necesitan lentes y presentan sobrepeso u obesidad, adem\u00e1s de que 60 por ciento de la poblaci\u00f3n escolar de nivel primaria tiene problemas dentales, lo que permitir\u00e1 dar seguimiento a su salud durante todo su trayecto en el Sistema Educativo Nacional (SEN) y conformar, por primera vez en la historia, el expediente digital de salud escolar.<\/p>\n<p class=\"nota-justify\">Por su parte, el secretario de Educaci\u00f3n, Ciencia, Tecnolog\u00eda e Innovaci\u00f3n de la capital del pa\u00eds, Pablo Enrique Yanes Rizo en representaci\u00f3n de la Jefa de Gobierno de la Ciudad de M\u00e9xico, Clara Brugada Molina, afirm\u00f3 que estas acciones permiten que los alumnos no est\u00e9n en desventaja al asistir a clases; consider\u00f3 que los anteojos deben ser un elemento para eliminar barreras, cerrar brechas y abrir caminos.<\/p>\n<div id=\"article-content-tts\" class=\"nota-contenido mb-5\">\n<div id=\"content_nitf\">\n<p class=\"nota-justify\">En tanto, la secretaria de Salud del Gobierno capitalino, Nadine Flora Gasman Zylbermann, se\u00f1al\u00f3 que la salud f\u00edsica de los estudiantes debe ser una prioridad para las comunidades, y reconoci\u00f3 el acompa\u00f1amiento de padres de familia por llevar a sus hijos a los centros de salud para que sean atendidos de forma oportuna.<\/p>\n<\/div>\n<\/div>\n<div class=\"notas-relacionadas\"><\/div>\n<div class=\"nota-tags\"><\/div>\n","protected":false},"excerpt":{"rendered":"<p>El secretario de Educaci\u00f3n P\u00fablica, Mario Delgado Carrillo, encabez\u00f3 la primera entrega de 500 pares de lentes gratuitos a ni\u00f1as<\/p>\n","protected":false},"author":4,"featured_media":59130,"comment_status":"closed","ping_status":"closed","sticky":false,"template":"","format":"standard","meta":{"colormag_page_container_layout":"default_layout","colormag_page_sidebar_layout":"default_layout","_jetpack_memberships_contains_paid_content":false,"footnotes":"","jetpack_publicize_message":"","jetpack_publicize_feature_enabled":true,"jetpack_social_post_already_shared":true,"jetpack_social_options":{"image_generator_settings":{"template":"highway","default_image_id":0,"font":"","enabled":false},"version":2}},"categories":[4],"tags":[],"class_list":["post-59129","post","type-post","status-publish","format-standard","has-post-thumbnail","hentry","category-nacional"],"jetpack_publicize_connections":[],"jetpack_featured_media_url":"https:\/\/noticiasveracruz.com\/wp-content\/uploads\/2025\/06\/MD.jpg","jetpack_sharing_enabled":true,"publishpress_future_action":{"enabled":false,"date":"2026-05-05 17:48:22","action":"change-status","newStatus":"draft","terms":[],"taxonomy":"category","extraData":[]},"publishpress_future_workflow_manual_trigger":{"enabledWorkflows":[]},"_links":{"self":[{"href":"https:\/\/noticiasveracruz.com\/index.php\/wp-json\/wp\/v2\/posts\/59129","targetHints":{"allow":["GET"]}}],"collection":[{"href":"https:\/\/noticiasveracruz.com\/index.php\/wp-json\/wp\/v2\/posts"}],"about":[{"href":"https:\/\/noticiasveracruz.com\/index.php\/wp-json\/wp\/v2\/types\/post"}],"author":[{"embeddable":true,"href":"https:\/\/noticiasveracruz.com\/index.php\/wp-json\/wp\/v2\/users\/4"}],"replies":[{"embeddable":true,"href":"https:\/\/noticiasveracruz.com\/index.php\/wp-json\/wp\/v2\/comments?post=59129"}],"version-history":[{"count":0,"href":"https:\/\/noticiasveracruz.com\/index.php\/wp-json\/wp\/v2\/posts\/59129\/revisions"}],"wp:featuredmedia":[{"embeddable":true,"href":"https:\/\/noticiasveracruz.com\/index.php\/wp-json\/wp\/v2\/media\/59130"}],"wp:attachment":[{"href":"https:\/\/noticiasveracruz.com\/index.php\/wp-json\/wp\/v2\/media?parent=59129"}],"wp:term":[{"taxonomy":"category","embeddable":true,"href":"https:\/\/noticiasveracruz.com\/index.php\/wp-json\/wp\/v2\/categories?post=59129"},{"taxonomy":"post_tag","embeddable":true,"href":"https:\/\/noticiasveracruz.com\/index.php\/wp-json\/wp\/v2\/tags?post=59129"}],"curies":[{"name":"wp","href":"https:\/\/api.w.org\/{rel}","templated":true}]}}