{"id":59126,"date":"2025-06-24T00:07:57","date_gmt":"2025-06-24T06:07:57","guid":{"rendered":"https:\/\/noticiasveracruz.com\/?p=59126"},"modified":"2025-06-23T21:07:53","modified_gmt":"2025-06-24T03:07:53","slug":"enfrenta-mexico-desafio-ambiental-con-enfoque-de-justicia-social-barcena","status":"publish","type":"post","link":"https:\/\/noticiasveracruz.com\/index.php\/2025\/06\/24\/enfrenta-mexico-desafio-ambiental-con-enfoque-de-justicia-social-barcena\/","title":{"rendered":"Enfrenta M\u00e9xico desaf\u00edo ambiental, con enfoque de justicia social: B\u00e1rcena"},"content":{"rendered":"<p class=\"nota-justify\">M\u00e9xico est\u00e1 enfrentando una \u201ctragedia ambiental\u201d. Ejemplo de ello es que cada a\u00f1o est\u00e1 perdiendo m\u00e1s de 155 mil hect\u00e1reas de cobertura forestal, adem\u00e1s de que hay sitios contaminados donde vive la gente y son denominados \u201cinfiernos ambientales\u00bb como la presa del Ahogado en Jalisco o el r\u00edo Sonora, alert\u00f3 la secretaria de Medio Ambiente, Alicia B\u00e1rcena.<\/p>\n<p class=\"nota-justify\">Agreg\u00f3 que el desaf\u00edo es enorme porque deben restaurar, remediar y conservar, adem\u00e1s de pensar en desarrollar, crecer e igualar con un enfoque de justicia social.<\/p>\n<p class=\"nota-justify\">Am\u00e9rica Latina\u201d en la UNAM, la titular de la Secretar\u00eda de Medio Ambiente se\u00f1al\u00f3 que todos los d\u00edas llegan solicitudes de permisos ambientales de cinco o seis familias que son los due\u00f1os del turismo o de la miner\u00eda en M\u00e9xico, \u201cy eso es la cultura de los privilegios que estamos buscando combatir porque hay una concentraci\u00f3n del ingreso en el pa\u00eds\u201d.<\/p>\n<p class=\"nota-justify\">Aunque no ser\u00e1 f\u00e1cil luchar contra esos privilegios, apunt\u00f3 que su objetivo es vencer las asimetr\u00edas y rescatar los derechos de las comunidades que han sido despojadas.<\/p>\n<p class=\"nota-justify\">\u201cNuestro pa\u00eds ha sufrido un proceso de transformaci\u00f3n en la que hoy d\u00eda la premisa fundamental de la pol\u00edtica ecol\u00f3gica del gobierno es que no puede existir mejora ambiental sin justicia social y es una nueva forma de pol\u00edtica y ese cambio es muy complejo no es de un d\u00eda para otro, requiere de la participaci\u00f3n de todos los cient\u00edficos para lograr esta pol\u00edtica ecol\u00f3gica y ambiental humanista\u201d, subray\u00f3.<\/p>\n<p class=\"nota-justify\">Por ello, a\u00f1adi\u00f3 que la dependencia a su cargo se propuso restaurar 50 sitios altamente deteriorados, reforestar por lo menos 100 mil hect\u00e1reas de bosques y 100 mil hect\u00e1reas de manglares porque \u201ctenemos un pa\u00eds con 12 mil kil\u00f3metros de costas y nos hemos dedicado a destruir los manglares\u201d.<\/p>\n<p class=\"nota-justify\">Por su parte, el rector de la UNAM, Leonardo Lomel\u00ed, apunt\u00f3 que en la regi\u00f3n de Am\u00e9rica Latina suceden, al menos, una cuarta parte del total de los conflictos socioambientales a nivel mundial, de los cuales una gran parte est\u00e1n asociados a megaproyectos extractivos en territorios ind\u00edgenas o en entornos ecol\u00f3gicos sensibles.<\/p>\n<p class=\"nota-justify\">Afirm\u00f3 que la ciencia no puede permanecer indiferente ante la injusticia y que Am\u00e9rica Latina y el Caribe no son s\u00f3lo testigos, sino protagonistas activos y conscientes del futuro ecol\u00f3gico del planeta.<\/p>\n<p class=\"nota-justify\">En la inauguraci\u00f3n del coloquio tambi\u00e9n estuvo la secretaria de Ciencia, Humanidades, Tecnolog\u00eda e Innovaci\u00f3n, Rosaura Ruiz, quien se\u00f1al\u00f3 que las pol\u00edticas deben dar prioridad a la restauraci\u00f3n de sistemas porque son los que nos van a permitir ser m\u00e1s resilientes.<\/p>\n<p class=\"nota-justify\">Entre los asistentes estuvo la profesora em\u00e9rita del Departamento de Biolog\u00eda Celular de la universidad nacional, Annie Pardo, quien tambi\u00e9n es la mam\u00e1 de la presidenta Sheinbaum.<\/p>\n","protected":false},"excerpt":{"rendered":"<p>M\u00e9xico est\u00e1 enfrentando una \u201ctragedia ambiental\u201d. Ejemplo de ello es que cada a\u00f1o est\u00e1 perdiendo m\u00e1s de 155 mil hect\u00e1reas<\/p>\n","protected":false},"author":4,"featured_media":59127,"comment_status":"closed","ping_status":"closed","sticky":false,"template":"","format":"standard","meta":{"colormag_page_container_layout":"default_layout","colormag_page_sidebar_layout":"default_layout","_jetpack_memberships_contains_paid_content":false,"footnotes":"","jetpack_publicize_message":"","jetpack_publicize_feature_enabled":true,"jetpack_social_post_already_shared":true,"jetpack_social_options":{"image_generator_settings":{"template":"highway","default_image_id":0,"font":"","enabled":false},"version":2}},"categories":[4],"tags":[],"class_list":["post-59126","post","type-post","status-publish","format-standard","has-post-thumbnail","hentry","category-nacional"],"jetpack_publicize_connections":[],"jetpack_featured_media_url":"https:\/\/noticiasveracruz.com\/wp-content\/uploads\/2025\/06\/AB-2.jpg","jetpack_sharing_enabled":true,"publishpress_future_action":{"enabled":false,"date":"2026-05-05 18:14:04","action":"change-status","newStatus":"draft","terms":[],"taxonomy":"category","extraData":[]},"publishpress_future_workflow_manual_trigger":{"enabledWorkflows":[]},"_links":{"self":[{"href":"https:\/\/noticiasveracruz.com\/index.php\/wp-json\/wp\/v2\/posts\/59126","targetHints":{"allow":["GET"]}}],"collection":[{"href":"https:\/\/noticiasveracruz.com\/index.php\/wp-json\/wp\/v2\/posts"}],"about":[{"href":"https:\/\/noticiasveracruz.com\/index.php\/wp-json\/wp\/v2\/types\/post"}],"author":[{"embeddable":true,"href":"https:\/\/noticiasveracruz.com\/index.php\/wp-json\/wp\/v2\/users\/4"}],"replies":[{"embeddable":true,"href":"https:\/\/noticiasveracruz.com\/index.php\/wp-json\/wp\/v2\/comments?post=59126"}],"version-history":[{"count":0,"href":"https:\/\/noticiasveracruz.com\/index.php\/wp-json\/wp\/v2\/posts\/59126\/revisions"}],"wp:featuredmedia":[{"embeddable":true,"href":"https:\/\/noticiasveracruz.com\/index.php\/wp-json\/wp\/v2\/media\/59127"}],"wp:attachment":[{"href":"https:\/\/noticiasveracruz.com\/index.php\/wp-json\/wp\/v2\/media?parent=59126"}],"wp:term":[{"taxonomy":"category","embeddable":true,"href":"https:\/\/noticiasveracruz.com\/index.php\/wp-json\/wp\/v2\/categories?post=59126"},{"taxonomy":"post_tag","embeddable":true,"href":"https:\/\/noticiasveracruz.com\/index.php\/wp-json\/wp\/v2\/tags?post=59126"}],"curies":[{"name":"wp","href":"https:\/\/api.w.org\/{rel}","templated":true}]}}