{"id":5912,"date":"2022-07-06T20:37:31","date_gmt":"2022-07-07T01:37:31","guid":{"rendered":"https:\/\/noticiasveracruz.com\/?p=5912"},"modified":"2022-07-06T20:47:24","modified_gmt":"2022-07-07T01:47:24","slug":"pide-julen-rementeria-e-integrantes-de-jucopo-que-judicatura-garantice-justicia-en-caso-tito-delfin","status":"publish","type":"post","link":"https:\/\/noticiasveracruz.com\/index.php\/2022\/07\/06\/pide-julen-rementeria-e-integrantes-de-jucopo-que-judicatura-garantice-justicia-en-caso-tito-delfin\/","title":{"rendered":"Julen Rementeria y senadores piden a la Judicatura Federal justicia en caso Tito Delf\u00edn"},"content":{"rendered":"<p>&nbsp;<\/p>\n<p class=\"p1\"><span style=\"font-size: 18pt;\"><strong>&lt;&lt; El pasado 16 de mayo, el exdiputado local panista, Tito Delf\u00edn obtuvo un amparo, pero como en otros casos, la Fiscal\u00eda del Estado impugn\u00f3 la sentencia por razones pol\u00edticas &gt;&gt;<\/strong><\/span><\/p>\n<p class=\"p1\"><span style=\"font-size: 18pt;\"><strong>&lt;&lt;<span class=\"Apple-converted-space\">\u00a0 <\/span>La Junta de Coordinaci\u00f3n Pol\u00edtica, emiti\u00f3 un exhorto a la Judicatura Federal para que se garantice justicia &gt;&gt;<\/strong><\/span><\/p>\n<p>&nbsp;<\/p>\n<p>&nbsp;<\/p>\n<p class=\"p1\"><span style=\"font-size: 14pt;\"><em><strong>Ciudad de M\u00e9xico.<\/strong> <\/em>El senador <strong>Julen Rementeria del Puerto<\/strong> e integrantes de la <strong>Junta de Coordinaci\u00f3n Pol\u00edtica<\/strong> (Jucopo) del Senado de la Rep\u00fablica, firmaron un exhorto dirigido al <strong>Consejo de la Judicatura Federal<\/strong> (CJF), con la finalidad de que <strong>garantice justicia pronta y expedita en el caso<\/strong> del del exdiputado local y exalcalde panista de Tierra Blanca, <strong>Tito Delf\u00edn Cano.<\/strong><\/span><\/p>\n<blockquote>\n<p class=\"p1\"><span style=\"font-size: 14pt;\">Desafortunadamente vivimos un momento cr\u00edtico en el estado de Veracruz, en los \u00faltimos tres a\u00f1os y medio aumentaron los homicidios dolosos, la injusticia, la corrupci\u00f3n, pero sobre todo la falta de Estado de Derecho que han llevado a actos irregulares poco explicables, como el de mi compa\u00f1ero Tito Delf\u00edn Cano\u201d, apunt\u00f3 el legislador.<\/span><\/p>\n<\/blockquote>\n<p>&nbsp;<\/p>\n<blockquote>\n<p class=\"p1\"><span style=\"font-size: 14pt;\">Desde noviembre de 2021, Delf\u00edn Cano se encuentra privado de la libertad en el Centro de Readaptaci\u00f3n Social Estatal de Pacho Viejo, en Coatepec, Veracruz, y fue imputado, sin apego al debido proceso, por falta de motivaci\u00f3n y fundamentaci\u00f3n por parte del juzgador, por delitos de abuso de autoridad, incumplimiento de un deber legal y fraude, supuestamente cometidos en agravio del erario\u201d, reza en el documento firmado por Rementer\u00eda del Puerto y senadores de diversos grupos parlamentarios que integran la Jucopo.<\/span><\/p>\n<\/blockquote>\n<p>&nbsp;<\/p>\n<p><img loading=\"lazy\" decoding=\"async\" class=\"aligncenter wp-image-7376 size-large\" src=\"https:\/\/politicosaldesnudo.com.mx\/wp-content\/uploads\/2022\/07\/P-JULEN-TITODELFI\u0301N1-1024x573.png\" alt=\"\" width=\"800\" height=\"448\" \/><\/p>\n<p>&nbsp;<\/p>\n<p class=\"p1\"><span style=\"font-size: 18pt;\"><strong>Asimismo, se puede leer en el documento que Delf\u00edn Cano es v\u00edctima de numerosas violaciones a sus derechos procesales, donde se ha vulnerado sus derechos que, como indiciado y posteriormente imputado, la Constituci\u00f3n y los Tratados Internacionales le reconocen.<\/strong><\/span><\/p>\n<p class=\"p1\"><span style=\"font-size: 14pt;\">En ese sentido, el legislador panista indic\u00f3 que la prisi\u00f3n preventiva impuesta a Tito Delf\u00edn no se encuentra debidamente justificada y carece de requisitos fundamentales, por lo que se trata de una detenci\u00f3n violatoria del debido proceso y de una vinculaci\u00f3n a proceso arbitraria por no contarse con los elementos legales para dictarla.<\/span><\/p>\n<p class=\"p1\"><span style=\"font-size: 14pt;\">Cabe destacar que el pasado 16 de mayo del a\u00f1o en curso, el juez primero de Distrito en el estado de Veracruz resolvi\u00f3 conceder el amparo y la protecci\u00f3n de la justicia federal. Por tal motivo, la Fiscal\u00eda General de Justicia de Veracruz interpuso un recurso de revisi\u00f3n a dicha resoluci\u00f3n, por lo cual no caus\u00f3 estado la sentencia, record\u00f3 el coordinador de las y los senadores del PAN.<\/span><\/p>\n<p>&nbsp;<\/p>\n<p><img loading=\"lazy\" decoding=\"async\" class=\"aligncenter wp-image-7378 size-large\" src=\"https:\/\/politicosaldesnudo.com.mx\/wp-content\/uploads\/2022\/07\/P-JULEN-TITODELFI\u0301N3-1024x573.png\" alt=\"\" width=\"800\" height=\"448\" \/><\/p>\n<p>&nbsp;<\/p>\n<p class=\"p1\"><span style=\"font-size: 18pt;\"><strong>Ante lo sucedido, Julen Rementer\u00eda solicit\u00f3 en la misiva que, \u201ctanto el consejero presidente, Arturo Zald\u00edvar, as\u00ed como las consejeras y consejeros de la Judicatura Federal, consideren velar por el correcto actuar de quienes imparten justicia en Veracruz a fin de que el caso de Tito Delf\u00edn Cano se resuelva de manera pronta y expedita, y el panista pueda obtener la libertad que arbitrariamente le fue arrebatada.<\/strong><\/span><\/p>\n<p>&nbsp;<\/p>\n<p>&nbsp;<\/p>\n<p>&nbsp;<\/p>\n","protected":false},"excerpt":{"rendered":"<p>&nbsp; &lt;&lt; El pasado 16 de mayo, el exdiputado local panista, Tito Delf\u00edn obtuvo un amparo, pero como en otros<\/p>\n","protected":false},"author":4,"featured_media":5913,"comment_status":"closed","ping_status":"closed","sticky":false,"template":"","format":"standard","meta":{"colormag_page_container_layout":"default_layout","colormag_page_sidebar_layout":"default_layout","_jetpack_memberships_contains_paid_content":false,"footnotes":"","jetpack_publicize_message":"","jetpack_publicize_feature_enabled":true,"jetpack_social_post_already_shared":false,"jetpack_social_options":{"image_generator_settings":{"template":"highway","default_image_id":0,"font":"","enabled":false},"version":2}},"categories":[4],"tags":[304,1025,342,74,1024],"class_list":["post-5912","post","type-post","status-publish","format-standard","has-post-thumbnail","hentry","category-nacional","tag-jucopo","tag-judicatura-federal","tag-julen-rementeria","tag-pan","tag-tito-delfin"],"jetpack_publicize_connections":[],"jetpack_featured_media_url":"https:\/\/noticiasveracruz.com\/wp-content\/uploads\/2022\/07\/P-JULEN-TITODELFI\u0301N2.png","jetpack_sharing_enabled":true,"publishpress_future_action":{"enabled":false,"date":"2026-05-09 04:54:16","action":"change-status","newStatus":"draft","terms":[],"taxonomy":"category","extraData":[]},"publishpress_future_workflow_manual_trigger":{"enabledWorkflows":[]},"_links":{"self":[{"href":"https:\/\/noticiasveracruz.com\/index.php\/wp-json\/wp\/v2\/posts\/5912","targetHints":{"allow":["GET"]}}],"collection":[{"href":"https:\/\/noticiasveracruz.com\/index.php\/wp-json\/wp\/v2\/posts"}],"about":[{"href":"https:\/\/noticiasveracruz.com\/index.php\/wp-json\/wp\/v2\/types\/post"}],"author":[{"embeddable":true,"href":"https:\/\/noticiasveracruz.com\/index.php\/wp-json\/wp\/v2\/users\/4"}],"replies":[{"embeddable":true,"href":"https:\/\/noticiasveracruz.com\/index.php\/wp-json\/wp\/v2\/comments?post=5912"}],"version-history":[{"count":0,"href":"https:\/\/noticiasveracruz.com\/index.php\/wp-json\/wp\/v2\/posts\/5912\/revisions"}],"wp:featuredmedia":[{"embeddable":true,"href":"https:\/\/noticiasveracruz.com\/index.php\/wp-json\/wp\/v2\/media\/5913"}],"wp:attachment":[{"href":"https:\/\/noticiasveracruz.com\/index.php\/wp-json\/wp\/v2\/media?parent=5912"}],"wp:term":[{"taxonomy":"category","embeddable":true,"href":"https:\/\/noticiasveracruz.com\/index.php\/wp-json\/wp\/v2\/categories?post=5912"},{"taxonomy":"post_tag","embeddable":true,"href":"https:\/\/noticiasveracruz.com\/index.php\/wp-json\/wp\/v2\/tags?post=5912"}],"curies":[{"name":"wp","href":"https:\/\/api.w.org\/{rel}","templated":true}]}}