{"id":59117,"date":"2025-06-24T00:04:36","date_gmt":"2025-06-24T06:04:36","guid":{"rendered":"https:\/\/noticiasveracruz.com\/?p=59117"},"modified":"2025-06-23T20:57:05","modified_gmt":"2025-06-24T02:57:05","slug":"proveedores-de-la-sev-exponen-actos-de-corrupcion-encabezados-por-funcionarios","status":"publish","type":"post","link":"https:\/\/noticiasveracruz.com\/index.php\/2025\/06\/24\/proveedores-de-la-sev-exponen-actos-de-corrupcion-encabezados-por-funcionarios\/","title":{"rendered":"Proveedores de la SEV exponen actos de corrupci\u00f3n encabezados por funcionarios"},"content":{"rendered":"<p>Proveedores de la Secretar\u00eda de Educaci\u00f3n de Veracruz (SEV) denunciaron pr\u00e1cticas sistem\u00e1ticas de corrupci\u00f3n, tr\u00e1fico de influencias y extorsi\u00f3n, encabezadas por funcionarios de primer nivel, que lejos de abonar al desarrollo institucional, act\u00faan en beneficio propio y en complicidad con intereses externos<\/p>\n<p>En una denuncia p\u00fablica sobre las irregularidades en la SEV, los denunciantes evidenciaron al oficial Mayor Jos\u00e9 Ram\u00f3n Cardona, quien, adem\u00e1s, ha sido se\u00f1alado por su falta de capacidad para atender los asuntos prioritarios de dicha Secretar\u00eda.<\/p>\n<p>El citado funcionario, lejos de mostrar compromiso con el servicio p\u00fablico, se le acusa de actuar bajo las \u00f3rdenes directas de su presunto padrino pol\u00edtico: Miguel Reyes, funcionario adscrito a la Secretar\u00eda de Finanzas y Planeaci\u00f3n (Sefiplan), a quien verdaderamente rinde cuentas.<\/p>\n<p>Tambi\u00e9n, se ha documentado la actuaci\u00f3n irregular del Julio Jarvio Ruiz, quien, sin adscripci\u00f3n formal en el \u00e1rea, se ostenta como responsable de la Direcci\u00f3n de Adquisiciones y de la que los proveedores aseguran que exige comisiones de hasta 15 por ciento por la asignaci\u00f3n de contratos y pagos rezagados, bajo el argumento de contar con \u201cautorizaci\u00f3n directa\u201d de los altos mandos.<\/p>\n<p>Se le imputa incluso la solicitud de pagos por adelantado y favores adicionales para agilizar tr\u00e1mites administrativos, incurriendo en lo que podr\u00eda configurarse como extorsi\u00f3n sistem\u00e1tica, se a\u00f1ade en el documento.<\/p>\n<p>Entre los proveedores afectados por adeudos a\u00fan sin resolver se encuentran los siguientes: Layla, 677 mil 585 pesos; Juan Carlos Cort\u00e9s, un mill\u00f3n 127 mil 279; Pro Audio del Golfo, 895 mil 300; Radion Xalapa Multimedios, 626 mil 879.20; y Genoveva L\u00f3pez, 424 mil 208.28 pesos.<\/p>\n<p>A estas irregularidades se suman contratos otorgados a empresas sin el objeto social correspondiente, como es el caso de Marketing Wifi, favorecida con un contrato de 2 millones 625 mil 776 pesos para impresi\u00f3n de documentos.<\/p>\n<p>Otro funcionario vinculado a esta red es Marcos Mej\u00eda Garc\u00eda, actual director de Servicios Generales, quien tambi\u00e9n ha sido vinculado con empresas constructoras y de arrendamiento supuestamente afines.<\/p>\n<p>Por tal motivo, exhortaron a las autoridades competentes la intervenci\u00f3n del \u00d3rgano de Fiscalizaci\u00f3n Superior del Estado de Veracruz (Orfis), la Secretar\u00eda de la Funci\u00f3n P\u00fablica (SFP) y el \u00d3rgano Interno de Control de la SEV, a fin de iniciar las auditor\u00edas integrales sobre los procesos de contrataci\u00f3n, pagos y adjudicaciones. Asimismo, que se investiguen las posibles responsabilidades administrativas y penales de los servidores p\u00fablicos mencionados y se garantice justicia para los proveedores defraudados y se recuperen los recursos p\u00fablicos desviados.<\/p>\n","protected":false},"excerpt":{"rendered":"<p>Proveedores de la Secretar\u00eda de Educaci\u00f3n de Veracruz (SEV) denunciaron pr\u00e1cticas sistem\u00e1ticas de corrupci\u00f3n, tr\u00e1fico de influencias y extorsi\u00f3n, encabezadas<\/p>\n","protected":false},"author":4,"featured_media":59118,"comment_status":"closed","ping_status":"closed","sticky":false,"template":"","format":"standard","meta":{"colormag_page_container_layout":"default_layout","colormag_page_sidebar_layout":"default_layout","_jetpack_memberships_contains_paid_content":false,"footnotes":"","jetpack_publicize_message":"","jetpack_publicize_feature_enabled":true,"jetpack_social_post_already_shared":true,"jetpack_social_options":{"image_generator_settings":{"template":"highway","default_image_id":0,"font":"","enabled":false},"version":2}},"categories":[356],"tags":[],"class_list":["post-59117","post","type-post","status-publish","format-standard","has-post-thumbnail","hentry","category-veracruz"],"jetpack_publicize_connections":[],"jetpack_featured_media_url":"https:\/\/noticiasveracruz.com\/wp-content\/uploads\/2025\/06\/RIDICULOS.jpg","jetpack_sharing_enabled":true,"publishpress_future_action":{"enabled":false,"date":"2026-05-05 18:37:54","action":"change-status","newStatus":"draft","terms":[],"taxonomy":"category","extraData":[]},"publishpress_future_workflow_manual_trigger":{"enabledWorkflows":[]},"_links":{"self":[{"href":"https:\/\/noticiasveracruz.com\/index.php\/wp-json\/wp\/v2\/posts\/59117","targetHints":{"allow":["GET"]}}],"collection":[{"href":"https:\/\/noticiasveracruz.com\/index.php\/wp-json\/wp\/v2\/posts"}],"about":[{"href":"https:\/\/noticiasveracruz.com\/index.php\/wp-json\/wp\/v2\/types\/post"}],"author":[{"embeddable":true,"href":"https:\/\/noticiasveracruz.com\/index.php\/wp-json\/wp\/v2\/users\/4"}],"replies":[{"embeddable":true,"href":"https:\/\/noticiasveracruz.com\/index.php\/wp-json\/wp\/v2\/comments?post=59117"}],"version-history":[{"count":0,"href":"https:\/\/noticiasveracruz.com\/index.php\/wp-json\/wp\/v2\/posts\/59117\/revisions"}],"wp:featuredmedia":[{"embeddable":true,"href":"https:\/\/noticiasveracruz.com\/index.php\/wp-json\/wp\/v2\/media\/59118"}],"wp:attachment":[{"href":"https:\/\/noticiasveracruz.com\/index.php\/wp-json\/wp\/v2\/media?parent=59117"}],"wp:term":[{"taxonomy":"category","embeddable":true,"href":"https:\/\/noticiasveracruz.com\/index.php\/wp-json\/wp\/v2\/categories?post=59117"},{"taxonomy":"post_tag","embeddable":true,"href":"https:\/\/noticiasveracruz.com\/index.php\/wp-json\/wp\/v2\/tags?post=59117"}],"curies":[{"name":"wp","href":"https:\/\/api.w.org\/{rel}","templated":true}]}}