{"id":5906,"date":"2022-07-06T19:25:47","date_gmt":"2022-07-07T00:25:47","guid":{"rendered":"https:\/\/noticiasveracruz.com\/?p=5906"},"modified":"2022-07-06T19:25:47","modified_gmt":"2022-07-07T00:25:47","slug":"gobierno-frances-anuncia-nacionalizar-la-electrica-edf","status":"publish","type":"post","link":"https:\/\/noticiasveracruz.com\/index.php\/2022\/07\/06\/gobierno-frances-anuncia-nacionalizar-la-electrica-edf\/","title":{"rendered":"Gobierno franc\u00e9s anuncia nacionalizar la El\u00e9ctrica EDF"},"content":{"rendered":"<p>&nbsp;<\/p>\n<p class=\"p2\"><span style=\"font-size: 14pt;\"><strong><i>Paris.<\/i>\u00a0<\/strong>La primera ministra francesa, <strong>Elisabeth Borne<\/strong>, anunci\u00f3 que el <strong>Estado va a nacionalizar totalmente EDF<\/strong>, algo que se justifica para <strong>garantizar la producci\u00f3n de electricidad frente a las consecuencias de la guerra en Ucrania con su apuesta por la energ\u00eda nuclear.<\/strong><\/span><\/p>\n<p class=\"p4\"><span style=\"font-size: 18pt;\"><strong>En su discurso de pol\u00edtica general ante la nueva Asamblea Nacional salida Elisabeth Borne dijo que de las elecciones legislativas de junio, que marca el verdadero comienzo de la andadura de su Gobierno, Borne dijo que el Estado tendr\u00e1 \u00abel 100 %\u00bb del capital de Electricit\u00e9 de France (EDF), que se encuentra en una situaci\u00f3n financiera dif\u00edcil, lastrada por una fuerte deuda.<\/strong><\/span><\/p>\n<p>&nbsp;<\/p>\n<p><img loading=\"lazy\" decoding=\"async\" class=\"aligncenter wp-image-7365 size-large\" src=\"https:\/\/politicosaldesnudo.com.mx\/wp-content\/uploads\/2022\/07\/P-EDF2-1024x573.png\" alt=\"\" width=\"800\" height=\"448\" \/><\/p>\n<p>&nbsp;<\/p>\n<p class=\"p2\"><span style=\"font-size: 18pt;\"><strong>En un contexto cada vez m\u00e1s vol\u00e1til, en el que el precio de la electricidad se decide en el mercado mayorista y a expensas de las subastas de las grandes corporaciones del sector, la mayor\u00eda privadas, Francia decidi\u00f3 dar un vuelco en la tendencia europea, que en las \u00faltimas d\u00e9cadas ha liberalizado un sector estrat\u00e9gico como el energ\u00e9tico y que en Europa ha supuesto el fortalecimiento de las grandes multinacionales europeas.<\/strong><\/span><\/p>\n<p class=\"p2\"><span style=\"font-size: 14pt;\">El gobierno franc\u00e9s augura que en unas circunstancias como las actuales, agravadas con la guerra en Ucrania, el resto de los mercados de la energ\u00eda en Europa seguir\u00e1n sus pasos, con nacionalizaciones totales o parciales.<\/span><\/p>\n<p class=\"p2\"><span style=\"font-size: 18pt;\"><strong>El gobierno franc\u00e9s controla actualmente el 83.88 por ciento de la empresa EDF, con lo que es de los pocos pa\u00edses europeos que no han dejado a la iniciativa privada un sector esencial para la vida de la poblaci\u00f3n, si bien ahora dar\u00e1 el paso para alcanzar una nacionalizaci\u00f3n total.<\/strong><\/span><\/p>\n<blockquote>\n<p class=\"p2\"><span style=\"font-size: 14pt;\">\u201cEstamos en un periodo de la historia en que los pa\u00edses deben ganar tambi\u00e9n la batalla de la energ\u00eda y la producci\u00f3n, por eso les confirmo hoy que el Estado tiene la intenci\u00f3n de controlar el 100 por ciento del capital de EDF\u201d, anunci\u00f3 Borne.<\/span><\/p>\n<\/blockquote>\n<p class=\"p2\"><span style=\"font-size: 18pt;\"><strong>Adem\u00e1s Elisabeth Borne defendi\u00f3 el modelo franc\u00e9s, que mantiene en actividad sus centrales nucleares al tiempo que impulsa los modelos alternativos m\u00e1s limpios.<\/strong><\/span><\/p>\n<p class=\"p2\"><span style=\"font-size: 18pt;\"><strong>La medida provoc\u00f3 una ola de reacciones en Europa, tanto a nivel burs\u00e1til como pol\u00edtico, ya que muchos pa\u00edses se est\u00e1n planteando volver a las nacionalizaciones de la energ\u00eda el\u00e9ctrica ante la escalada sin freno de los precios y la vulnerabilidad que est\u00e1 provocando en la sociedad.<\/strong><\/span><\/p>\n<p>&nbsp;<\/p>\n<p>&nbsp;<\/p>\n<p>&nbsp;<\/p>\n<p>&nbsp;<\/p>\n","protected":false},"excerpt":{"rendered":"<p>&nbsp; Paris.\u00a0La primera ministra francesa, Elisabeth Borne, anunci\u00f3 que el Estado va a nacionalizar totalmente EDF, algo que se justifica<\/p>\n","protected":false},"author":4,"featured_media":5907,"comment_status":"closed","ping_status":"closed","sticky":false,"template":"","format":"standard","meta":{"colormag_page_container_layout":"default_layout","colormag_page_sidebar_layout":"default_layout","_jetpack_memberships_contains_paid_content":false,"footnotes":"","jetpack_publicize_message":"","jetpack_publicize_feature_enabled":true,"jetpack_social_post_already_shared":false,"jetpack_social_options":{"image_generator_settings":{"template":"highway","default_image_id":0,"font":"","enabled":false},"version":2}},"categories":[355],"tags":[1022,1020,487,1021],"class_list":["post-5906","post","type-post","status-publish","format-standard","has-post-thumbnail","hentry","category-internacional","tag-edf","tag-elisabeth-borne","tag-francia","tag-nacionalizar"],"jetpack_publicize_connections":[],"jetpack_featured_media_url":"https:\/\/noticiasveracruz.com\/wp-content\/uploads\/2022\/07\/P-EDF.png","jetpack_sharing_enabled":true,"publishpress_future_action":{"enabled":false,"date":"2026-05-09 06:51:41","action":"change-status","newStatus":"draft","terms":[],"taxonomy":"category","extraData":[]},"publishpress_future_workflow_manual_trigger":{"enabledWorkflows":[]},"_links":{"self":[{"href":"https:\/\/noticiasveracruz.com\/index.php\/wp-json\/wp\/v2\/posts\/5906","targetHints":{"allow":["GET"]}}],"collection":[{"href":"https:\/\/noticiasveracruz.com\/index.php\/wp-json\/wp\/v2\/posts"}],"about":[{"href":"https:\/\/noticiasveracruz.com\/index.php\/wp-json\/wp\/v2\/types\/post"}],"author":[{"embeddable":true,"href":"https:\/\/noticiasveracruz.com\/index.php\/wp-json\/wp\/v2\/users\/4"}],"replies":[{"embeddable":true,"href":"https:\/\/noticiasveracruz.com\/index.php\/wp-json\/wp\/v2\/comments?post=5906"}],"version-history":[{"count":0,"href":"https:\/\/noticiasveracruz.com\/index.php\/wp-json\/wp\/v2\/posts\/5906\/revisions"}],"wp:featuredmedia":[{"embeddable":true,"href":"https:\/\/noticiasveracruz.com\/index.php\/wp-json\/wp\/v2\/media\/5907"}],"wp:attachment":[{"href":"https:\/\/noticiasveracruz.com\/index.php\/wp-json\/wp\/v2\/media?parent=5906"}],"wp:term":[{"taxonomy":"category","embeddable":true,"href":"https:\/\/noticiasveracruz.com\/index.php\/wp-json\/wp\/v2\/categories?post=5906"},{"taxonomy":"post_tag","embeddable":true,"href":"https:\/\/noticiasveracruz.com\/index.php\/wp-json\/wp\/v2\/tags?post=5906"}],"curies":[{"name":"wp","href":"https:\/\/api.w.org\/{rel}","templated":true}]}}