{"id":5892,"date":"2022-07-02T13:38:38","date_gmt":"2022-07-02T18:38:38","guid":{"rendered":"https:\/\/noticiasveracruz.com\/?p=5892"},"modified":"2022-07-06T13:40:30","modified_gmt":"2022-07-06T18:40:30","slug":"para-impulsar-el-turismo-coyoacan-y-pueblos-magicos-de-puebla-e-hidalgo-estrechan-lazos-con-tuxpan","status":"publish","type":"post","link":"https:\/\/noticiasveracruz.com\/index.php\/2022\/07\/02\/para-impulsar-el-turismo-coyoacan-y-pueblos-magicos-de-puebla-e-hidalgo-estrechan-lazos-con-tuxpan\/","title":{"rendered":"Para impulsar el turismo, Coyoac\u00e1n y Pueblos M\u00e1gicos de Puebla e Hidalgo estrechan lazos con Tuxpan"},"content":{"rendered":"<p>&nbsp;<\/p>\n<p class=\"p1\"><span style=\"font-size: 14pt;\"><em><strong>Tuxpan.<\/strong><\/em> <strong>Con el objetivo de estrechar lazos e impulsar al turismo<\/strong> como una actividad que <strong>contribuya a elevar el desarrollo, progreso y bienestar de los pueblos<\/strong>, se realiz\u00f3 un encuentro con autoridades de Pueblos M\u00e1gicos de Hidalgo y Puebla, adem\u00e1s de la alcald\u00eda de Coyoac\u00e1n (CdMx).<\/span><\/p>\n<p class=\"p1\"><span style=\"font-size: 14pt;\">El evento estuvo encabezado por el alcalde Jos\u00e9 Manuel Pozos Castro, y las regidoras y regidores Mar\u00eda del Pilar Mart\u00ednez Matesanz, Maryanela Monroy Flores, Juan G\u00f3mez Garc\u00eda,\u00a0 Lucero Res\u00e9ndis Ambrocio, Luis Demetrio L\u00f3pez Mar\u00edn; y el director de Turismo Municipal, Francisco Villanueva M\u00e9ndez.<\/span><\/p>\n<p class=\"p1\"><span style=\"font-size: 18pt;\"><strong>En su mensaje, el alcalde Jos\u00e9 Manuel Pozos Castro dijo que, para el municipio de Tuxpan, este encuentro es un gesto de hermanamiento y voluntad para trabajar unidos en pro de un desarrollo integral, m\u00e1s all\u00e1 de l\u00edmites territoriales.<\/strong><\/span><\/p>\n<p>&nbsp;<\/p>\n<p><img loading=\"lazy\" decoding=\"async\" class=\"aligncenter wp-image-4860 size-large\" src=\"http:\/\/politicosaldesnudoqroo.com.mx\/wp-content\/uploads\/2022\/07\/P-TUXPAN3-1024x573.png\" alt=\"\" width=\"800\" height=\"448\" \/><\/p>\n<p>&nbsp;<\/p>\n<p class=\"p1\"><span style=\"font-size: 18pt;\"><strong>En este encuentro realizado en el Museo M\u00e9xico-Cuba, destac\u00f3 que el reto es hacer del turismo una actividad que contribuya a elevar el desarrollo, progreso y bienestar de la gente.<\/strong><\/span><\/p>\n<blockquote>\n<p class=\"p1\"><span style=\"font-size: 14pt;\">Hoy estamos ante la oportunidad de construir una gran alianza, para fortalecer en nuestros municipios, las actividades tur\u00edsticas, culturales y gastron\u00f3micas\u2026 estoy seguro de que hoy inicia una gran etapa de integraci\u00f3n que beneficiar\u00e1 a todos\u201d, se\u00f1al\u00f3.<\/span><\/p>\n<\/blockquote>\n<p class=\"p1\"><span style=\"font-size: 18pt;\"><strong>A\u00f1adi\u00f3 que las modernas autopistas que interconectan a Tuxpan han acercado a Puebla, Hidalgo, Ciudad de M\u00e9xico y al sur de Tamaulipas, y en esta cercan\u00eda hay una enorme oportunidad para crecer juntos.<\/strong><\/span><\/p>\n<p class=\"p1\"><span style=\"font-size: 18pt;\"><strong>Por su parte, el director de Turismo, Francisco Villanueva, se\u00f1al\u00f3 que la intenci\u00f3n de este encuentro es generar un intercambio tur\u00edstico entre municipios que, a pesar de ser cercanos, tienen una oferta tur\u00edstica muy variada.<\/strong><\/span><\/p>\n<p>&nbsp;<\/p>\n<p><img loading=\"lazy\" decoding=\"async\" class=\"aligncenter wp-image-4861 size-large\" src=\"http:\/\/politicosaldesnudoqroo.com.mx\/wp-content\/uploads\/2022\/07\/P-TUXPAN5-1024x573.png\" alt=\"\" width=\"800\" height=\"448\" \/><\/p>\n<p>&nbsp;<\/p>\n<p class=\"p1\"><span style=\"font-size: 14pt;\">Al evento asistieron Alejandro Sierra Tello, presidente municipal Mineral del Monte, Hidalgo; Ito Bas\u00e1\u00f1ez Flores, director de Proyectos Estrat\u00e9gicos y de Enlace Federal de Poza Rica, en representaci\u00f3n del alcalde Fernando Remes Garza; V\u00edctor Vera, director de Turismo de Poza Rica.<\/span><\/p>\n<p class=\"p1\"><span style=\"font-size: 14pt;\">En representaci\u00f3n de Francisco Mayoral Flores, presidente municipal de Huasca de Ocampo, Hidalgo, Arturo Copca Becerra, director de Turismo; Andr\u00e9s Merchant Paredes, subdirector de Turismo de Tulancingo, Hidalgo; Sof\u00eda Garc\u00eda Silva, subdirectora de Fomento y Desarrollo Tur\u00edstico de Coyoac\u00e1n; Candy Escobedo G\u00f3mez, regidora de Turismo de Zacatl\u00e1n, Puebla; Fernando Torres Barrag\u00e1n, director de Fomento Econ\u00f3mico y Tur\u00edstico de Zacatl\u00e1n, Puebla.<\/span><\/p>\n<p class=\"p1\"><span style=\"font-size: 14pt;\">Alejandro Sierra Tello, presidente municipal Mineral del Monte, Hidalgo, celebr\u00f3 el compromiso del Gobierno de Tuxpan de promover un lazo tan importante como es el turismo, y asegur\u00f3 que este ser\u00e1 el inicio de grandes proyectos. Hizo entrega de obsequio al alcalde Jos\u00e9 Manuel Pozos Castro, e invit\u00f3 a las autoridades de Tuxpan a visitar su municipio.<\/span><\/p>\n<p>&nbsp;<\/p>\n<p><img loading=\"lazy\" decoding=\"async\" class=\"aligncenter wp-image-4859 size-large\" src=\"http:\/\/politicosaldesnudoqroo.com.mx\/wp-content\/uploads\/2022\/07\/P-TUXPAN2-1024x573.png\" alt=\"\" width=\"800\" height=\"448\" \/><\/p>\n<p>&nbsp;<\/p>\n<p class=\"p1\"><span style=\"font-size: 14pt;\">Tambi\u00e9n estuvieron presentes directores y coordinadores de \u00e1rea del ayuntamiento de Tuxpan y los representantes de las diferentes C\u00e1maras Empresariales de Tuxpan, la Lic. Silvia Salas Ricardi (Canirac), Lic. Eduardo Antonio Arteaga (Canaco), Jaime Ovando Torres (Canacintra), Biol. Miguel \u00c1ngel Elizalde Mart\u00ednez (Coparmex), Lic. Estela L\u00f3pez S\u00e1nchez, de la Asociaci\u00f3n de Hoteles y Moteles de Tuxpan y la Huasteca; Sara Ortiz Ramos, representante de los restauranteros de la zona centro avalados por la Canirac; as\u00ed como representantes del Corredor Gastron\u00f3mico de La Mata y del Mercado Municipal, quienes brindaron todo el apoyo para la realizaci\u00f3n del evento.<\/span><\/p>\n<p>&nbsp;<\/p>\n","protected":false},"excerpt":{"rendered":"<p>&nbsp; Tuxpan. Con el objetivo de estrechar lazos e impulsar al turismo como una actividad que contribuya a elevar el<\/p>\n","protected":false},"author":4,"featured_media":5893,"comment_status":"closed","ping_status":"closed","sticky":false,"template":"","format":"standard","meta":{"colormag_page_container_layout":"default_layout","colormag_page_sidebar_layout":"default_layout","_jetpack_memberships_contains_paid_content":false,"footnotes":"","jetpack_publicize_message":"","jetpack_publicize_feature_enabled":true,"jetpack_social_post_already_shared":false,"jetpack_social_options":{"image_generator_settings":{"template":"highway","default_image_id":0,"font":"","enabled":false},"version":2}},"categories":[356],"tags":[205,72],"class_list":["post-5892","post","type-post","status-publish","format-standard","has-post-thumbnail","hentry","category-veracruz","tag-turismo","tag-tuxpan"],"jetpack_publicize_connections":[],"jetpack_featured_media_url":"https:\/\/noticiasveracruz.com\/wp-content\/uploads\/2022\/07\/P-TUXPAN1.png","jetpack_sharing_enabled":true,"publishpress_future_action":{"enabled":false,"date":"2026-05-06 21:23:08","action":"change-status","newStatus":"draft","terms":[],"taxonomy":"category","extraData":[]},"publishpress_future_workflow_manual_trigger":{"enabledWorkflows":[]},"_links":{"self":[{"href":"https:\/\/noticiasveracruz.com\/index.php\/wp-json\/wp\/v2\/posts\/5892","targetHints":{"allow":["GET"]}}],"collection":[{"href":"https:\/\/noticiasveracruz.com\/index.php\/wp-json\/wp\/v2\/posts"}],"about":[{"href":"https:\/\/noticiasveracruz.com\/index.php\/wp-json\/wp\/v2\/types\/post"}],"author":[{"embeddable":true,"href":"https:\/\/noticiasveracruz.com\/index.php\/wp-json\/wp\/v2\/users\/4"}],"replies":[{"embeddable":true,"href":"https:\/\/noticiasveracruz.com\/index.php\/wp-json\/wp\/v2\/comments?post=5892"}],"version-history":[{"count":0,"href":"https:\/\/noticiasveracruz.com\/index.php\/wp-json\/wp\/v2\/posts\/5892\/revisions"}],"wp:featuredmedia":[{"embeddable":true,"href":"https:\/\/noticiasveracruz.com\/index.php\/wp-json\/wp\/v2\/media\/5893"}],"wp:attachment":[{"href":"https:\/\/noticiasveracruz.com\/index.php\/wp-json\/wp\/v2\/media?parent=5892"}],"wp:term":[{"taxonomy":"category","embeddable":true,"href":"https:\/\/noticiasveracruz.com\/index.php\/wp-json\/wp\/v2\/categories?post=5892"},{"taxonomy":"post_tag","embeddable":true,"href":"https:\/\/noticiasveracruz.com\/index.php\/wp-json\/wp\/v2\/tags?post=5892"}],"curies":[{"name":"wp","href":"https:\/\/api.w.org\/{rel}","templated":true}]}}