{"id":58788,"date":"2025-06-19T00:04:10","date_gmt":"2025-06-19T06:04:10","guid":{"rendered":"https:\/\/noticiasveracruz.com\/?p=58788"},"modified":"2025-06-18T23:29:43","modified_gmt":"2025-06-19T05:29:43","slug":"rechazan-taxistas-ingreso-de-apss-de-transporte","status":"publish","type":"post","link":"https:\/\/noticiasveracruz.com\/index.php\/2025\/06\/19\/rechazan-taxistas-ingreso-de-apss-de-transporte\/","title":{"rendered":"Rechazan taxistas ingreso de Apss de transporte"},"content":{"rendered":"<p>Taxistas de la Alianza de Transportistas y Anexos del estado de Veracruz se concentraron en la ciudad del puerto para expresar su rechazo al ingreso de las aplicaciones que prestan el servicio de traslado de pasajeros a trav\u00e9s de autom\u00f3viles particulares.<\/p>\n<p>Al respecto, el presidente adjunto del Servicio de Taxis de la Central de Autobuses de Veracruz (Sertacaver), Ra\u00fal Mendoza Alducin, refiri\u00f3 que representantes de Uber, InDrive y Didi sostendr\u00e1n una reuni\u00f3n con la gobernadora del estado para solicitar autorizaci\u00f3n para prestar el servicio en el territorio veracruzano.<\/p>\n<p>Mendoza Alducin presumi\u00f3 que la reuni\u00f3n se tiene programada para el 26 de junio pr\u00f3ximo.<\/p>\n<p>\u00abHemos escuchado a trav\u00e9s de los medios de comunicaci\u00f3n de que de alguna manera va a haber una pl\u00e1tica con las aplicaciones que quieren entrar al estado de Veracruz, que se van a sentar con la gobernadora, as\u00ed como el secretario de Gobierno, para llegar a un acuerdo y quiz\u00e1 puedan entrar, \u00bfqu\u00e9 es lo que estamos solicitando? Que no entren estas aplicaciones\u00bb, expres\u00f3.<\/p>\n<p>En ese sentido, el l\u00edder taxista pidi\u00f3 una audiencia con la gobernadora del estado para expresarle sus inquietudes sobre las aplicaciones Uber, InDrive y Didi y la problem\u00e1tica que pudiera provocar su ingreso a la entidad.<\/p>\n<p>El presidente adjunto de Sertacaver manifest\u00f3 que el ingreso de las aplicaciones representar\u00e1 una competencia desleal para los trabajadores del volante, ya que los particulares que prestan el servicio de traslado de pasajeros no pagan lo que a ellos les exige la ley.<\/p>\n<p>Ra\u00fal Mendoza Alducin advirti\u00f3 que la demanda del servicio podr\u00eda disminuir en el caso de que se autorice el ingreso de Uber, InDrive y Didi.<\/p>\n<p>Finalmente, Mendoza Alducin propuso que los particulares presten el servicio de traslado de pasajeros mediante concesiones en el caso de que las autoridades estatales les autoricen su ingreso a la entidad.<\/p>\n","protected":false},"excerpt":{"rendered":"<p>Taxistas de la Alianza de Transportistas y Anexos del estado de Veracruz se concentraron en la ciudad del puerto para<\/p>\n","protected":false},"author":4,"featured_media":58789,"comment_status":"closed","ping_status":"closed","sticky":false,"template":"","format":"standard","meta":{"colormag_page_container_layout":"default_layout","colormag_page_sidebar_layout":"default_layout","_jetpack_memberships_contains_paid_content":false,"footnotes":"","jetpack_publicize_message":"","jetpack_publicize_feature_enabled":true,"jetpack_social_post_already_shared":true,"jetpack_social_options":{"image_generator_settings":{"template":"highway","default_image_id":0,"font":"","enabled":false},"version":2}},"categories":[356],"tags":[],"class_list":["post-58788","post","type-post","status-publish","format-standard","has-post-thumbnail","hentry","category-veracruz"],"jetpack_publicize_connections":[],"jetpack_featured_media_url":"https:\/\/noticiasveracruz.com\/wp-content\/uploads\/2025\/06\/10a.jpg","jetpack_sharing_enabled":true,"publishpress_future_action":{"enabled":false,"date":"2026-05-05 22:52:38","action":"change-status","newStatus":"draft","terms":[],"taxonomy":"category","extraData":[]},"publishpress_future_workflow_manual_trigger":{"enabledWorkflows":[]},"_links":{"self":[{"href":"https:\/\/noticiasveracruz.com\/index.php\/wp-json\/wp\/v2\/posts\/58788","targetHints":{"allow":["GET"]}}],"collection":[{"href":"https:\/\/noticiasveracruz.com\/index.php\/wp-json\/wp\/v2\/posts"}],"about":[{"href":"https:\/\/noticiasveracruz.com\/index.php\/wp-json\/wp\/v2\/types\/post"}],"author":[{"embeddable":true,"href":"https:\/\/noticiasveracruz.com\/index.php\/wp-json\/wp\/v2\/users\/4"}],"replies":[{"embeddable":true,"href":"https:\/\/noticiasveracruz.com\/index.php\/wp-json\/wp\/v2\/comments?post=58788"}],"version-history":[{"count":0,"href":"https:\/\/noticiasveracruz.com\/index.php\/wp-json\/wp\/v2\/posts\/58788\/revisions"}],"wp:featuredmedia":[{"embeddable":true,"href":"https:\/\/noticiasveracruz.com\/index.php\/wp-json\/wp\/v2\/media\/58789"}],"wp:attachment":[{"href":"https:\/\/noticiasveracruz.com\/index.php\/wp-json\/wp\/v2\/media?parent=58788"}],"wp:term":[{"taxonomy":"category","embeddable":true,"href":"https:\/\/noticiasveracruz.com\/index.php\/wp-json\/wp\/v2\/categories?post=58788"},{"taxonomy":"post_tag","embeddable":true,"href":"https:\/\/noticiasveracruz.com\/index.php\/wp-json\/wp\/v2\/tags?post=58788"}],"curies":[{"name":"wp","href":"https:\/\/api.w.org\/{rel}","templated":true}]}}