{"id":58779,"date":"2025-06-19T00:01:11","date_gmt":"2025-06-19T06:01:11","guid":{"rendered":"https:\/\/noticiasveracruz.com\/?p=58779"},"modified":"2025-06-18T23:26:42","modified_gmt":"2025-06-19T05:26:42","slug":"ricardo-ahued-responde-a-criticas","status":"publish","type":"post","link":"https:\/\/noticiasveracruz.com\/index.php\/2025\/06\/19\/ricardo-ahued-responde-a-criticas\/","title":{"rendered":"Ricardo Ahued responde a criticas"},"content":{"rendered":"<p>El secretario de Gobierno de Veracruz, Ricardo Ahued Bardahuil, respondi\u00f3 a quienes lo han acusado de haber reducido su papel al de un simple \u201cconserje\u201d del Palacio de Gobierno. El funcionario dijo que ese tipo de comentarios no lo ofenden, al contrario, lo honran.<\/p>\n<p>\u201cPor ah\u00ed dicen que soy conserje. A estas alturas de mi vida, cuando a un servidor p\u00fablico lo quieren ofender dici\u00e9ndole que es conserje, m\u00e1s que ofenderme me halagan. El conserje es un personaje de respeto, de trabajo, que hace una labor importante\u201d, solt\u00f3.<\/p>\n<p>La declaraci\u00f3n surge en medio de los trabajos de remodelaci\u00f3n que se realizan en el Palacio, ordenados por la gobernadora Roc\u00edo Nahle. De acuerdo con Ahued, el edificio estaba en condiciones lamentables y \u201ca punto de quemarse\u201d.<\/p>\n<p>\u201cEl Palacio estaba a punto de quemarse. Yo les voy a mostrar pr\u00f3ximamente c\u00f3mo estaba la red el\u00e9ctrica, las goteras, una serie de cosas, cortocircuitos, ba\u00f1os que no sirven, pintura deshecha. Va a quedar muy bien\u201d, afirm\u00f3.<\/p>\n<p>Asegur\u00f3 que su papel no es andar en reflectores, sino garantizar que las cosas funcionen, y que el Palacio sea, literalmente, una \u201ccasa digna del gobierno de quien manda\u201d.<\/p>\n<p>Aunque sus detractores insin\u00faan que ha perdido peso pol\u00edtico, Ahued defendi\u00f3 su gesti\u00f3n y dijo que no est\u00e1 en la Secretar\u00eda para hacer negocios ni prestarse a favores.<\/p>\n<p>Record\u00f3 que desde la dependencia a su cargo se han atendido m\u00e1s de 7 mil audiencias y que diariamente participa en las reuniones de seguridad junto a autoridades estatales y federales. Adem\u00e1s, asegur\u00f3 que el Palacio tiene las puertas abiertas para los 212 municipios del estado.<\/p>\n","protected":false},"excerpt":{"rendered":"<p>El secretario de Gobierno de Veracruz, Ricardo Ahued Bardahuil, respondi\u00f3 a quienes lo han acusado de haber reducido su papel<\/p>\n","protected":false},"author":4,"featured_media":58780,"comment_status":"closed","ping_status":"closed","sticky":false,"template":"","format":"standard","meta":{"colormag_page_container_layout":"default_layout","colormag_page_sidebar_layout":"default_layout","_jetpack_memberships_contains_paid_content":false,"footnotes":"","jetpack_publicize_message":"","jetpack_publicize_feature_enabled":true,"jetpack_social_post_already_shared":true,"jetpack_social_options":{"image_generator_settings":{"template":"highway","default_image_id":0,"font":"","enabled":false},"version":2}},"categories":[1],"tags":[],"class_list":["post-58779","post","type-post","status-publish","format-standard","has-post-thumbnail","hentry","category-sin-categoria"],"jetpack_publicize_connections":[],"jetpack_featured_media_url":"https:\/\/noticiasveracruz.com\/wp-content\/uploads\/2025\/06\/8c.jpg","jetpack_sharing_enabled":true,"publishpress_future_action":{"enabled":false,"date":"2026-05-05 22:26:02","action":"change-status","newStatus":"draft","terms":[],"taxonomy":"category","extraData":[]},"publishpress_future_workflow_manual_trigger":{"enabledWorkflows":[]},"_links":{"self":[{"href":"https:\/\/noticiasveracruz.com\/index.php\/wp-json\/wp\/v2\/posts\/58779","targetHints":{"allow":["GET"]}}],"collection":[{"href":"https:\/\/noticiasveracruz.com\/index.php\/wp-json\/wp\/v2\/posts"}],"about":[{"href":"https:\/\/noticiasveracruz.com\/index.php\/wp-json\/wp\/v2\/types\/post"}],"author":[{"embeddable":true,"href":"https:\/\/noticiasveracruz.com\/index.php\/wp-json\/wp\/v2\/users\/4"}],"replies":[{"embeddable":true,"href":"https:\/\/noticiasveracruz.com\/index.php\/wp-json\/wp\/v2\/comments?post=58779"}],"version-history":[{"count":0,"href":"https:\/\/noticiasveracruz.com\/index.php\/wp-json\/wp\/v2\/posts\/58779\/revisions"}],"wp:featuredmedia":[{"embeddable":true,"href":"https:\/\/noticiasveracruz.com\/index.php\/wp-json\/wp\/v2\/media\/58780"}],"wp:attachment":[{"href":"https:\/\/noticiasveracruz.com\/index.php\/wp-json\/wp\/v2\/media?parent=58779"}],"wp:term":[{"taxonomy":"category","embeddable":true,"href":"https:\/\/noticiasveracruz.com\/index.php\/wp-json\/wp\/v2\/categories?post=58779"},{"taxonomy":"post_tag","embeddable":true,"href":"https:\/\/noticiasveracruz.com\/index.php\/wp-json\/wp\/v2\/tags?post=58779"}],"curies":[{"name":"wp","href":"https:\/\/api.w.org\/{rel}","templated":true}]}}