{"id":58776,"date":"2025-06-18T23:08:39","date_gmt":"2025-06-19T05:08:39","guid":{"rendered":"https:\/\/noticiasveracruz.com\/?p=58776"},"modified":"2025-06-18T23:08:39","modified_gmt":"2025-06-19T05:08:39","slug":"fuerzas-de-los-3-ordenes-de-gobierno-implementan-en-tuxpan-el-operativo-rastrillo-vehicular","status":"publish","type":"post","link":"https:\/\/noticiasveracruz.com\/index.php\/2025\/06\/18\/fuerzas-de-los-3-ordenes-de-gobierno-implementan-en-tuxpan-el-operativo-rastrillo-vehicular\/","title":{"rendered":"Fuerzas de los 3 \u00f3rdenes de gobierno implementan en Tuxpan el operativo \u201cRastrillo Vehicular\u201d"},"content":{"rendered":"<p>Tuxpan, Ver.- Autoridades de los 3 niveles de gobierno han desplegado el Operativo \u201cRastrillo Vehicular\u201den la zona urbana y rural del municipio de Tuxpan, como parte de una estrategia para fortalecer la seguridad.<\/p>\n<p>En estas acciones participan la Secretar\u00eda de Marina, Defensa, Guardia Nacional, Polic\u00eda Estatal y Polic\u00eda Municipal.<\/p>\n<p>El operativo tiene como prop\u00f3sito asegurar veh\u00edculos con reporte de robo, con VIN alterado, placas sobrepuestas y unidades que hayan sido usadas en hechos delictivos.<\/p>\n<p>A lo largo de este mi\u00e9rcoles se obtuvieron resultados positivos, mismos que en breve ser\u00e1n dados a conocer.<\/p>\n","protected":false},"excerpt":{"rendered":"<p>Tuxpan, Ver.- Autoridades de los 3 niveles de gobierno han desplegado el Operativo \u201cRastrillo Vehicular\u201den la zona urbana y rural<\/p>\n","protected":false},"author":4,"featured_media":58777,"comment_status":"closed","ping_status":"closed","sticky":false,"template":"","format":"standard","meta":{"colormag_page_container_layout":"default_layout","colormag_page_sidebar_layout":"default_layout","_jetpack_memberships_contains_paid_content":false,"footnotes":"","jetpack_publicize_message":"","jetpack_publicize_feature_enabled":true,"jetpack_social_post_already_shared":true,"jetpack_social_options":{"image_generator_settings":{"template":"highway","default_image_id":0,"font":"","enabled":false},"version":2}},"categories":[3372,356],"tags":[],"class_list":["post-58776","post","type-post","status-publish","format-standard","has-post-thumbnail","hentry","category-gobierno-tuxpan","category-veracruz"],"jetpack_publicize_connections":[],"jetpack_featured_media_url":"https:\/\/noticiasveracruz.com\/wp-content\/uploads\/2025\/06\/WhatsApp-Image-2025-06-18-at-18.22.14.jpeg","jetpack_sharing_enabled":true,"publishpress_future_action":{"enabled":false,"date":"2026-05-05 22:14:25","action":"change-status","newStatus":"draft","terms":[],"taxonomy":"category","extraData":[]},"publishpress_future_workflow_manual_trigger":{"enabledWorkflows":[]},"_links":{"self":[{"href":"https:\/\/noticiasveracruz.com\/index.php\/wp-json\/wp\/v2\/posts\/58776","targetHints":{"allow":["GET"]}}],"collection":[{"href":"https:\/\/noticiasveracruz.com\/index.php\/wp-json\/wp\/v2\/posts"}],"about":[{"href":"https:\/\/noticiasveracruz.com\/index.php\/wp-json\/wp\/v2\/types\/post"}],"author":[{"embeddable":true,"href":"https:\/\/noticiasveracruz.com\/index.php\/wp-json\/wp\/v2\/users\/4"}],"replies":[{"embeddable":true,"href":"https:\/\/noticiasveracruz.com\/index.php\/wp-json\/wp\/v2\/comments?post=58776"}],"version-history":[{"count":0,"href":"https:\/\/noticiasveracruz.com\/index.php\/wp-json\/wp\/v2\/posts\/58776\/revisions"}],"wp:featuredmedia":[{"embeddable":true,"href":"https:\/\/noticiasveracruz.com\/index.php\/wp-json\/wp\/v2\/media\/58777"}],"wp:attachment":[{"href":"https:\/\/noticiasveracruz.com\/index.php\/wp-json\/wp\/v2\/media?parent=58776"}],"wp:term":[{"taxonomy":"category","embeddable":true,"href":"https:\/\/noticiasveracruz.com\/index.php\/wp-json\/wp\/v2\/categories?post=58776"},{"taxonomy":"post_tag","embeddable":true,"href":"https:\/\/noticiasveracruz.com\/index.php\/wp-json\/wp\/v2\/tags?post=58776"}],"curies":[{"name":"wp","href":"https:\/\/api.w.org\/{rel}","templated":true}]}}