{"id":58662,"date":"2025-06-17T00:13:16","date_gmt":"2025-06-17T06:13:16","guid":{"rendered":"https:\/\/noticiasveracruz.com\/?p=58662"},"modified":"2025-06-16T23:02:02","modified_gmt":"2025-06-17T05:02:02","slug":"hidalgo-pide-declaratoria-de-emergencia-ante-danos-por-lluvias","status":"publish","type":"post","link":"https:\/\/noticiasveracruz.com\/index.php\/2025\/06\/17\/hidalgo-pide-declaratoria-de-emergencia-ante-danos-por-lluvias\/","title":{"rendered":"Hidalgo pide declaratoria de emergencia ante da\u00f1os por lluvias"},"content":{"rendered":"<div id=\"article-content-tts\" class=\"nota-contenido mb-5\">\n<div id=\"content_nitf\">\n<p class=\"nota-justify\">Julio Menchaca Salazar, gobernador de Hidalgo inform\u00f3 que solicit\u00f3 a la presidenta de M\u00e9xico, Claudia Sheinbaum, la declaraci\u00f3n de emergencia ante las afectaciones provocadas las lluvias registradas los \u00faltimos d\u00edas en la entidad que hasta el momento ha dejado 600 damnificados.<\/p>\n<p class=\"nota-justify\">Explic\u00f3 que ya se realizan el tr\u00e1mite ante la Secretar\u00eda de Gobernaci\u00f3n\u00a0para avanzar en la declaratoria.<\/p>\n<p class=\"nota-justify\">El mandatario coment\u00f3\u00a0que la tarde del domingo se realizaron recorridos de supervisi\u00f3n en diversas colonias y fraccionamientos de los municipios de Pachuca y Mineral de la Reforma, donde calles y avenidas que se inundaron.<\/p>\n<p class=\"nota-justify\">Uno de los lugares afectados fue en el tramo de la carretera federal M\u00e9xico -Pachuca, que se encuentra a un lado de la plaza comercial Explanada, en los l\u00edmites con Zempoala.<\/p>\n<p class=\"nota-justify\">La inundaci\u00f3n de ese tramo provoc\u00f3 congestionamiento vial en ambos sentidos de la vialidad que dur\u00f3 varias horas.<\/p>\n<p class=\"nota-justify\">Del porque se inund\u00f3 ese tramo, Alejandro S\u00e1nchez Garc\u00eda\u00a0 secretario de Infraestructura P\u00fablica y Desarrollo Urbano Sostenible (SIPDUS),\u00a0inform\u00f3 que el lugar\u00a0 antes era una\u00a0 zona de cultivo y tras las lluvias del domingo, el dren que se encuentra en el lugar fue insuficiente.<\/p>\n<\/div>\n<\/div>\n<div class=\"notas-relacionadas\"><\/div>\n<div class=\"nota-tags\"><\/div>\n","protected":false},"excerpt":{"rendered":"<p>Julio Menchaca Salazar, gobernador de Hidalgo inform\u00f3 que solicit\u00f3 a la presidenta de M\u00e9xico, Claudia Sheinbaum, la declaraci\u00f3n de emergencia ante las afectaciones provocadas las lluvias registradas los \u00faltimos d\u00edas en la entidad que hasta el momento ha dejado 600 damnificados. Explic\u00f3 que ya se realizan el tr\u00e1mite ante la Secretar\u00eda de Gobernaci\u00f3n\u00a0para avanzar en [&hellip;]<\/p>\n","protected":false},"author":4,"featured_media":58663,"comment_status":"closed","ping_status":"closed","sticky":false,"template":"","format":"standard","meta":{"_jetpack_newsletter_access":"","_jetpack_dont_email_post_to_subs":false,"_jetpack_newsletter_tier_id":0,"_jetpack_memberships_contains_paywalled_content":false,"_jetpack_feature_clip_id":0,"_jetpack_memberships_contains_paid_content":false,"footnotes":"","jetpack_publicize_message":"","jetpack_publicize_feature_enabled":true,"jetpack_social_post_already_shared":true,"jetpack_social_options":{"image_generator_settings":{"template":"highway","default_image_id":0,"font":"","enabled":false},"version":2},"jetpack_post_was_ever_published":false},"categories":[145],"tags":[],"class_list":["post-58662","post","type-post","status-publish","format-standard","has-post-thumbnail","hentry","category-estados"],"jetpack_publicize_connections":[],"jetpack_sharing_enabled":true,"publishpress_future_action":{"enabled":false,"date":"2026-09-07 21:01:45","action":"change-status","newStatus":"draft","terms":[],"taxonomy":"category","extraData":[]},"publishpress_future_workflow_manual_trigger":{"enabledWorkflows":[]},"jetpack_featured_media_url":"https:\/\/noticiasveracruz.com\/wp-content\/uploads\/2025\/06\/HIDL.jpg","_links":{"self":[{"href":"https:\/\/noticiasveracruz.com\/index.php\/wp-json\/wp\/v2\/posts\/58662","targetHints":{"allow":["GET"]}}],"collection":[{"href":"https:\/\/noticiasveracruz.com\/index.php\/wp-json\/wp\/v2\/posts"}],"about":[{"href":"https:\/\/noticiasveracruz.com\/index.php\/wp-json\/wp\/v2\/types\/post"}],"author":[{"embeddable":true,"href":"https:\/\/noticiasveracruz.com\/index.php\/wp-json\/wp\/v2\/users\/4"}],"replies":[{"embeddable":true,"href":"https:\/\/noticiasveracruz.com\/index.php\/wp-json\/wp\/v2\/comments?post=58662"}],"version-history":[{"count":0,"href":"https:\/\/noticiasveracruz.com\/index.php\/wp-json\/wp\/v2\/posts\/58662\/revisions"}],"wp:featuredmedia":[{"embeddable":true,"href":"https:\/\/noticiasveracruz.com\/index.php\/wp-json\/wp\/v2\/media\/58663"}],"wp:attachment":[{"href":"https:\/\/noticiasveracruz.com\/index.php\/wp-json\/wp\/v2\/media?parent=58662"}],"wp:term":[{"taxonomy":"category","embeddable":true,"href":"https:\/\/noticiasveracruz.com\/index.php\/wp-json\/wp\/v2\/categories?post=58662"},{"taxonomy":"post_tag","embeddable":true,"href":"https:\/\/noticiasveracruz.com\/index.php\/wp-json\/wp\/v2\/tags?post=58662"}],"curies":[{"name":"wp","href":"https:\/\/api.w.org\/{rel}","templated":true}]}}