{"id":58584,"date":"2025-06-16T00:22:32","date_gmt":"2025-06-16T06:22:32","guid":{"rendered":"https:\/\/noticiasveracruz.com\/?p=58584"},"modified":"2025-06-15T23:49:18","modified_gmt":"2025-06-16T05:49:18","slug":"manipulacion-y-democracia","status":"publish","type":"post","link":"https:\/\/noticiasveracruz.com\/index.php\/2025\/06\/16\/manipulacion-y-democracia\/","title":{"rendered":"Manipulaci\u00f3n y democracia"},"content":{"rendered":"<p>Hoy como nunca estamos atrapados en la manipulaci\u00f3n del ideal democr\u00e1tico.<\/p>\n<p>La democracia conlleva el grave riesgo de la manipulaci\u00f3n, sobre todo en un pa\u00eds tan emocional como el nuestro.<\/p>\n<p>Apelar a la democracia para manipular se ha vuelto cotidiano, pues quienes gobiernan ileg\u00edtimamente se asumen como representantes de la voluntad popular, sabiendo que dif\u00edcilmente ser\u00e1n desmentidos.<\/p>\n<p>Del mismo modo que L\u00f3pez Obrador ech\u00f3 abajo la construcci\u00f3n de un aeropuerto calificado como \u201cdel primer mundo\u201d, -como iba a ser el de Texcoco-, con una simple auscultaci\u00f3n popular casi a \u201cmano alzada\u201d, preguntando a quienes jam\u00e1s se han subido a un avi\u00f3n, -y menos a\u00fan son usuarios cotidianos de un aeropuerto-, si se terminaba de construir o no, hoy se manipula emocionalmente al pueblo.<\/p>\n<p>Se capitaliz\u00f3 el resentimiento del ciudadano en contra de un sistema judicial corrupto, para ofrecerle la fantas\u00eda democr\u00e1tica de un cambio radical que estar\u00eda en sus manos, eligiendo directamente a jueces, magistrados y ministros de la SCJN sin darse cuenta que siempre se puede estar peor. Una elecci\u00f3n sustentada en acordeones confirma la manipulaci\u00f3n.<\/p>\n<p>El estado es quien tiene todos los medios para manipular el voto ciudadano, tanto recursos econ\u00f3micos, -como los medios de coacci\u00f3n sobre los concesionarios de radio y TV-, y a eso le apuesta la 4T con su supuesta \u201cvocaci\u00f3n democr\u00e1tica\u201d, que es totalmente manipuladora.<\/p>\n<p>Con la desinformaci\u00f3n total se convoc\u00f3 a una elecci\u00f3n judicial, cuando casi la totalidad del electorado ni siquiera entiende qu\u00e9 es el Poder Judicial.<\/p>\n<p>El voto consciente no existe en M\u00e9xico, pues aunque est\u00e9 disponible la informaci\u00f3n, no significa que sea entendida, comprendida y menos a\u00fan asimilada conscientemente.<\/p>\n<p>El voto de los desinformados se convierte en altamente manipulable, y los acordeones promovidos por Morena dieron cuenta de ello.<\/p>\n<p>La democracia en manos de un sistema pol\u00edtico manipulador legitima el modelo autoritario y centralista que hoy se est\u00e1 consolidando con esta elecci\u00f3n judicial.<\/p>\n<p>\u00bfA usted qu\u00e9 le parece?<\/p>\n<p><img loading=\"lazy\" decoding=\"async\" class=\"alignnone wp-image-58582 size-full\" src=\"http:\/\/noticiasveracruz.com\/wp-content\/uploads\/2025\/06\/FIRMA-EDITORIAL-PD-4.jpg\" alt=\"\" width=\"1024\" height=\"125\" srcset=\"https:\/\/noticiasveracruz.com\/wp-content\/uploads\/2025\/06\/FIRMA-EDITORIAL-PD-4.jpg 1024w, https:\/\/noticiasveracruz.com\/wp-content\/uploads\/2025\/06\/FIRMA-EDITORIAL-PD-4-300x37.jpg 300w, https:\/\/noticiasveracruz.com\/wp-content\/uploads\/2025\/06\/FIRMA-EDITORIAL-PD-4-768x94.jpg 768w\" sizes=\"auto, (max-width: 1024px) 100vw, 1024px\" \/><\/p>\n","protected":false},"excerpt":{"rendered":"<p>Hoy como nunca estamos atrapados en la manipulaci\u00f3n del ideal democr\u00e1tico. La democracia conlleva el grave riesgo de la manipulaci\u00f3n, sobre todo en un pa\u00eds tan emocional como el nuestro. Apelar a la democracia para manipular se ha vuelto cotidiano, pues quienes gobiernan ileg\u00edtimamente se asumen como representantes de la voluntad popular, sabiendo que dif\u00edcilmente [&hellip;]<\/p>\n","protected":false},"author":4,"featured_media":44976,"comment_status":"closed","ping_status":"closed","sticky":false,"template":"","format":"standard","meta":{"_jetpack_newsletter_access":"","_jetpack_dont_email_post_to_subs":false,"_jetpack_newsletter_tier_id":0,"_jetpack_memberships_contains_paywalled_content":false,"_jetpack_feature_clip_id":0,"_jetpack_memberships_contains_paid_content":false,"footnotes":"","jetpack_publicize_message":"","jetpack_publicize_feature_enabled":true,"jetpack_social_post_already_shared":true,"jetpack_social_options":{"image_generator_settings":{"template":"highway","default_image_id":0,"font":"","enabled":false},"version":2},"jetpack_post_was_ever_published":false},"categories":[6],"tags":[],"class_list":["post-58584","post","type-post","status-publish","format-standard","has-post-thumbnail","hentry","category-columnistas"],"jetpack_publicize_connections":[],"jetpack_sharing_enabled":true,"publishpress_future_action":{"enabled":false,"date":"2026-09-07 20:09:14","action":"change-status","newStatus":"draft","terms":[],"taxonomy":"category","extraData":[]},"publishpress_future_workflow_manual_trigger":{"enabledWorkflows":[]},"jetpack_featured_media_url":"https:\/\/noticiasveracruz.com\/wp-content\/uploads\/2024\/11\/NV-RICARDO-HOMS.jpg","_links":{"self":[{"href":"https:\/\/noticiasveracruz.com\/index.php\/wp-json\/wp\/v2\/posts\/58584","targetHints":{"allow":["GET"]}}],"collection":[{"href":"https:\/\/noticiasveracruz.com\/index.php\/wp-json\/wp\/v2\/posts"}],"about":[{"href":"https:\/\/noticiasveracruz.com\/index.php\/wp-json\/wp\/v2\/types\/post"}],"author":[{"embeddable":true,"href":"https:\/\/noticiasveracruz.com\/index.php\/wp-json\/wp\/v2\/users\/4"}],"replies":[{"embeddable":true,"href":"https:\/\/noticiasveracruz.com\/index.php\/wp-json\/wp\/v2\/comments?post=58584"}],"version-history":[{"count":0,"href":"https:\/\/noticiasveracruz.com\/index.php\/wp-json\/wp\/v2\/posts\/58584\/revisions"}],"wp:featuredmedia":[{"embeddable":true,"href":"https:\/\/noticiasveracruz.com\/index.php\/wp-json\/wp\/v2\/media\/44976"}],"wp:attachment":[{"href":"https:\/\/noticiasveracruz.com\/index.php\/wp-json\/wp\/v2\/media?parent=58584"}],"wp:term":[{"taxonomy":"category","embeddable":true,"href":"https:\/\/noticiasveracruz.com\/index.php\/wp-json\/wp\/v2\/categories?post=58584"},{"taxonomy":"post_tag","embeddable":true,"href":"https:\/\/noticiasveracruz.com\/index.php\/wp-json\/wp\/v2\/tags?post=58584"}],"curies":[{"name":"wp","href":"https:\/\/api.w.org\/{rel}","templated":true}]}}