{"id":58523,"date":"2025-06-16T00:02:26","date_gmt":"2025-06-16T06:02:26","guid":{"rendered":"https:\/\/noticiasveracruz.com\/?p=58523"},"modified":"2025-06-15T21:18:55","modified_gmt":"2025-06-16T03:18:55","slug":"en-el-puerto-contaran-con-un-cabildo-de-mayoria-morenista","status":"publish","type":"post","link":"https:\/\/noticiasveracruz.com\/index.php\/2025\/06\/16\/en-el-puerto-contaran-con-un-cabildo-de-mayoria-morenista\/","title":{"rendered":"En el Puerto contar\u00e1n con un cabildo de mayor\u00eda morenista"},"content":{"rendered":"<p>El pr\u00f3ximo gobierno municipal del puerto de Veracruz, encabezado por Rosa Mar\u00eda Hern\u00e1ndez Espejo, contar\u00e1 con un Cabildo de mayor\u00eda morenista, de acuerdo con los resultados oficiales del proceso electoral.<\/p>\n<p>Seg\u00fan las proyecciones derivadas de los c\u00f3mputos, el \u00f3rgano edilicio quedar\u00e1 conformado por siete regidores de Movimiento Regeneraci\u00f3n Nacional (Morena), cuatro del Partido Acci\u00f3n Nacional (PAN) y dos de Movimiento Ciudadano (MC).<\/p>\n<p>La futura alcaldesa obtuvo 79 mil 755 votos, superando ampliamente a la panista Indira de Jes\u00fas Rosales San Rom\u00e1n, quien sum\u00f3 40 mil 207 sufragios, y a la candidata de MC, Belem Palmeros Exsome, con 14 mil 831 votos.<\/p>\n<p><em>Reparto de regidur\u00edas seg\u00fan la Ley Electoral<\/em><\/p>\n<p>El C\u00f3digo Electoral de Veracruz, en sus art\u00edculos 238, 239 y 240, establece el procedimiento para la asignaci\u00f3n de regidur\u00edas por el principio de representaci\u00f3n proporcional. S\u00f3lo los partidos que hayan alcanzado al menos 3 por ciento de la votaci\u00f3n total emitida tienen derecho a participar en esta distribuci\u00f3n.<\/p>\n<p>Los criterios consideran el cociente natural y los restos de votos no utilizados, para garantizar una representaci\u00f3n proporcional en los ayuntamientos con m\u00e1s de tres ediles.<\/p>\n<p><em>Composici\u00f3n prevista del Cabildo de Veracruz<\/em><\/p>\n<p>Con base en lo anterior, la asignaci\u00f3n preliminar de las regidur\u00edas en el municipio de Veracruz ser\u00eda la siguiente:<\/p>\n<p>Morena (siete regidur\u00edas): Diana P\u00e9rez, Aldahir Gonz\u00e1lez, Norma Mendoza, Quirino Ram\u00edrez, Norma Mendoza (aparece dos veces, posible error de registro), Esa\u00fa Hern\u00e1ndez, Marisela Ponce.<\/p>\n<p>PAN (cuatro regidur\u00edas): Miguel Hermida, Roc\u00edo Campa, Jes\u00fas Danilo Alv\u00edzar, Ileana Ram\u00edrez.<\/p>\n<p><em>Movimiento Ciudadano (dos regidur\u00edas): Patricia Huesca y persona sin determinar.\u00a0<\/em><\/p>\n<p>La confirmaci\u00f3n oficial y la entrega de constancias corresponde al Consejo Municipal del Organismo P\u00fablico Local Electoral (OPLE), que deber\u00e1 validar la elecci\u00f3n y expedir los documentos conforme a la legislaci\u00f3n vigente.<\/p>\n","protected":false},"excerpt":{"rendered":"<p>El pr\u00f3ximo gobierno municipal del puerto de Veracruz, encabezado por Rosa Mar\u00eda Hern\u00e1ndez Espejo, contar\u00e1 con un Cabildo de mayor\u00eda morenista, de acuerdo con los resultados oficiales del proceso electoral. Seg\u00fan las proyecciones derivadas de los c\u00f3mputos, el \u00f3rgano edilicio quedar\u00e1 conformado por siete regidores de Movimiento Regeneraci\u00f3n Nacional (Morena), cuatro del Partido Acci\u00f3n Nacional [&hellip;]<\/p>\n","protected":false},"author":4,"featured_media":58524,"comment_status":"closed","ping_status":"closed","sticky":false,"template":"","format":"standard","meta":{"_jetpack_newsletter_access":"","_jetpack_dont_email_post_to_subs":false,"_jetpack_newsletter_tier_id":0,"_jetpack_memberships_contains_paywalled_content":false,"_jetpack_feature_clip_id":0,"_jetpack_memberships_contains_paid_content":false,"footnotes":"","jetpack_publicize_message":"","jetpack_publicize_feature_enabled":true,"jetpack_social_post_already_shared":true,"jetpack_social_options":{"image_generator_settings":{"template":"highway","default_image_id":0,"font":"","enabled":false},"version":2},"jetpack_post_was_ever_published":false},"categories":[356],"tags":[],"class_list":["post-58523","post","type-post","status-publish","format-standard","has-post-thumbnail","hentry","category-veracruz"],"jetpack_publicize_connections":[],"jetpack_sharing_enabled":true,"publishpress_future_action":{"enabled":false,"date":"2026-09-07 19:08:02","action":"change-status","newStatus":"draft","terms":[],"taxonomy":"category","extraData":[]},"publishpress_future_workflow_manual_trigger":{"enabledWorkflows":[]},"jetpack_featured_media_url":"https:\/\/noticiasveracruz.com\/wp-content\/uploads\/2025\/06\/PTO.jpg","_links":{"self":[{"href":"https:\/\/noticiasveracruz.com\/index.php\/wp-json\/wp\/v2\/posts\/58523","targetHints":{"allow":["GET"]}}],"collection":[{"href":"https:\/\/noticiasveracruz.com\/index.php\/wp-json\/wp\/v2\/posts"}],"about":[{"href":"https:\/\/noticiasveracruz.com\/index.php\/wp-json\/wp\/v2\/types\/post"}],"author":[{"embeddable":true,"href":"https:\/\/noticiasveracruz.com\/index.php\/wp-json\/wp\/v2\/users\/4"}],"replies":[{"embeddable":true,"href":"https:\/\/noticiasveracruz.com\/index.php\/wp-json\/wp\/v2\/comments?post=58523"}],"version-history":[{"count":0,"href":"https:\/\/noticiasveracruz.com\/index.php\/wp-json\/wp\/v2\/posts\/58523\/revisions"}],"wp:featuredmedia":[{"embeddable":true,"href":"https:\/\/noticiasveracruz.com\/index.php\/wp-json\/wp\/v2\/media\/58524"}],"wp:attachment":[{"href":"https:\/\/noticiasveracruz.com\/index.php\/wp-json\/wp\/v2\/media?parent=58523"}],"wp:term":[{"taxonomy":"category","embeddable":true,"href":"https:\/\/noticiasveracruz.com\/index.php\/wp-json\/wp\/v2\/categories?post=58523"},{"taxonomy":"post_tag","embeddable":true,"href":"https:\/\/noticiasveracruz.com\/index.php\/wp-json\/wp\/v2\/tags?post=58523"}],"curies":[{"name":"wp","href":"https:\/\/api.w.org\/{rel}","templated":true}]}}