{"id":58341,"date":"2025-06-12T00:09:41","date_gmt":"2025-06-12T06:09:41","guid":{"rendered":"https:\/\/noticiasveracruz.com\/?p=58341"},"modified":"2025-06-11T21:38:24","modified_gmt":"2025-06-12T03:38:24","slug":"trump-propondra-acuerdos-antes-de-restablecer-aranceles-reciprocos","status":"publish","type":"post","link":"https:\/\/noticiasveracruz.com\/index.php\/2025\/06\/12\/trump-propondra-acuerdos-antes-de-restablecer-aranceles-reciprocos\/","title":{"rendered":"Trump propondr\u00e1 acuerdos antes de restablecer aranceles rec\u00edprocos"},"content":{"rendered":"<p class=\"nota-justify\">El presidente de Estados Unidos, Donald Trump, declar\u00f3 que contempla hacer llegar cartas a varios comerciales para proponerles un acuerdo antes de que se cumpla la fecha l\u00edmite del 9 de julio, plazo en el que podr\u00eda volver a imponer aranceles m\u00e1s altos a estos pa\u00edses, report\u00f3 Bloomberg.<\/p>\n<p class=\"nota-justify\">\u201cEnviaremos cartas en aproximadamente una semana y media o dos semanas a los pa\u00edses para contarles cu\u00e1l es el acuerdo\u201d, declar\u00f3 el presidente en el Centro John F. Kennedy para las Artes Esc\u00e9nicas en Washington.<\/p>\n<p class=\"nota-justify\">Sobre si considerar\u00eda extender el plazo para que los pa\u00edses lleguen a acuerdos, el presidente Trump se dijo abierto a esta posibilidad.<\/p>\n<p class=\"nota-justify\">Fue en abril que el mandatario estadunidense anunci\u00f3 aranceles m\u00e1s altos para unos 90 pa\u00edses, pero posteriormente los paus\u00f3 por espacio de 90 d\u00edas.<\/p>\n<p class=\"nota-justify\">Antes, el secretario del Tesoro, Scott Bessent, estim\u00f3 que Estados Unidos podr\u00eda considerar extender la pausa de los aranceles llamados \u201crec\u00edprocos\u201d, aplicados a todos los productos que entran en el pa\u00eds, si las negociaciones avanzan \u201cde buena fe\u201d.<\/p>\n<p class=\"nota-justify\">\u201cDepender\u00e1 del presidente (Donald) Trump, pero creo que si alguien negocia de buena fe, ser\u00e1 posible una extensi\u00f3n\u201d, dijo Bessent en el Congreso.<\/p>\n","protected":false},"excerpt":{"rendered":"<p>El presidente de Estados Unidos, Donald Trump, declar\u00f3 que contempla hacer llegar cartas a varios comerciales para proponerles un acuerdo<\/p>\n","protected":false},"author":4,"featured_media":58342,"comment_status":"closed","ping_status":"closed","sticky":false,"template":"","format":"standard","meta":{"colormag_page_container_layout":"default_layout","colormag_page_sidebar_layout":"default_layout","_jetpack_memberships_contains_paid_content":false,"footnotes":"","jetpack_publicize_message":"","jetpack_publicize_feature_enabled":true,"jetpack_social_post_already_shared":true,"jetpack_social_options":{"image_generator_settings":{"template":"highway","default_image_id":0,"font":"","enabled":false},"version":2}},"categories":[1947],"tags":[],"class_list":["post-58341","post","type-post","status-publish","format-standard","has-post-thumbnail","hentry","category-economia"],"jetpack_publicize_connections":[],"jetpack_featured_media_url":"https:\/\/noticiasveracruz.com\/wp-content\/uploads\/2025\/06\/TRUUUUM.jpg","jetpack_sharing_enabled":true,"publishpress_future_action":{"enabled":false,"date":"2026-05-10 06:43:56","action":"change-status","newStatus":"draft","terms":[],"taxonomy":"category","extraData":[]},"publishpress_future_workflow_manual_trigger":{"enabledWorkflows":[]},"_links":{"self":[{"href":"https:\/\/noticiasveracruz.com\/index.php\/wp-json\/wp\/v2\/posts\/58341","targetHints":{"allow":["GET"]}}],"collection":[{"href":"https:\/\/noticiasveracruz.com\/index.php\/wp-json\/wp\/v2\/posts"}],"about":[{"href":"https:\/\/noticiasveracruz.com\/index.php\/wp-json\/wp\/v2\/types\/post"}],"author":[{"embeddable":true,"href":"https:\/\/noticiasveracruz.com\/index.php\/wp-json\/wp\/v2\/users\/4"}],"replies":[{"embeddable":true,"href":"https:\/\/noticiasveracruz.com\/index.php\/wp-json\/wp\/v2\/comments?post=58341"}],"version-history":[{"count":0,"href":"https:\/\/noticiasveracruz.com\/index.php\/wp-json\/wp\/v2\/posts\/58341\/revisions"}],"wp:featuredmedia":[{"embeddable":true,"href":"https:\/\/noticiasveracruz.com\/index.php\/wp-json\/wp\/v2\/media\/58342"}],"wp:attachment":[{"href":"https:\/\/noticiasveracruz.com\/index.php\/wp-json\/wp\/v2\/media?parent=58341"}],"wp:term":[{"taxonomy":"category","embeddable":true,"href":"https:\/\/noticiasveracruz.com\/index.php\/wp-json\/wp\/v2\/categories?post=58341"},{"taxonomy":"post_tag","embeddable":true,"href":"https:\/\/noticiasveracruz.com\/index.php\/wp-json\/wp\/v2\/tags?post=58341"}],"curies":[{"name":"wp","href":"https:\/\/api.w.org\/{rel}","templated":true}]}}