{"id":58338,"date":"2025-06-12T00:08:07","date_gmt":"2025-06-12T06:08:07","guid":{"rendered":"https:\/\/noticiasveracruz.com\/?p=58338"},"modified":"2025-06-11T21:34:57","modified_gmt":"2025-06-12T03:34:57","slug":"trabajadores-al-servicio-del-estado-pieza-clave-en-desarrollo-del-pais-rosa-icela","status":"publish","type":"post","link":"https:\/\/noticiasveracruz.com\/index.php\/2025\/06\/12\/trabajadores-al-servicio-del-estado-pieza-clave-en-desarrollo-del-pais-rosa-icela\/","title":{"rendered":"Trabajadores al servicio del Estado, pieza clave en desarrollo del pa\u00eds: Rosa Icela"},"content":{"rendered":"<p class=\"nota-justify\">El Sindicato Nacional de Trabajadores de la Secretar\u00eda de Salud (SNTSA) inform\u00f3 sobre una reuni\u00f3n con la Secretaria de Gobernaci\u00f3n, Rosa Icela Rodr\u00edguez, quien destac\u00f3 que los trabajadores al servicio del Estado \u201cson pieza clave en el desarrollo del pa\u00eds\u201d, por lo que sus demandas est\u00e1n siendo atendidas en tiempo y forma.<\/p>\n<p class=\"nota-justify\">En el encuentro, realizado en la sede de la dependencia federal, el l\u00edder de esta central, Marco Antonio Garc\u00eda Ayala, se\u00f1al\u00f3 que abordaron temas relevantes para los bur\u00f3cratas, tales como la vigencia de la estabilidad laboral y el cumplimiento de su seguridad social desde el Instituto de Seguridad y Servicios Sociales de los Trabajadores del Estado (Issste).<\/p>\n<p class=\"nota-justify\">Asimismo mencion\u00f3 que se acord\u00f3 que en pr\u00f3ximos d\u00edas tratar\u00e1n con la Secretar\u00eda de Hacienda lo correspondiente a la actualizaci\u00f3n de las condiciones generales de trabajo en cada una de las dependencias federales, en beneficio de los 800 mil bur\u00f3cratas afiliados a la FSTSE.<\/p>\n<p class=\"nota-justify\">Garc\u00eda Ayala expuso que la unidad prevaleciente entre los 87 sindicatos federales que integran esta central ha permitido atender sus justas demandas, entre ellas el incremento salarial de este a\u00f1o, que no haya despidos, seguridad en el empleo y vigencia de su seguridad social y derechos laborales.<\/p>\n<p class=\"nota-justify\">Por otra parte se refiri\u00f3 a la situaci\u00f3n que viven millones de mexicanos migrantes, con quienes se solidariz\u00f3, porque \u00abno debemos olvidar que son trabajadores responsables y base principal para las econom\u00edas de los pa\u00edses donde laboran\u00bb.<\/p>\n","protected":false},"excerpt":{"rendered":"<p>El Sindicato Nacional de Trabajadores de la Secretar\u00eda de Salud (SNTSA) inform\u00f3 sobre una reuni\u00f3n con la Secretaria de Gobernaci\u00f3n,<\/p>\n","protected":false},"author":4,"featured_media":58339,"comment_status":"closed","ping_status":"closed","sticky":false,"template":"","format":"standard","meta":{"colormag_page_container_layout":"default_layout","colormag_page_sidebar_layout":"default_layout","_jetpack_memberships_contains_paid_content":false,"footnotes":"","jetpack_publicize_message":"","jetpack_publicize_feature_enabled":true,"jetpack_social_post_already_shared":true,"jetpack_social_options":{"image_generator_settings":{"template":"highway","default_image_id":0,"font":"","enabled":false},"version":2}},"categories":[4],"tags":[],"class_list":["post-58338","post","type-post","status-publish","format-standard","has-post-thumbnail","hentry","category-nacional"],"jetpack_publicize_connections":[],"jetpack_featured_media_url":"https:\/\/noticiasveracruz.com\/wp-content\/uploads\/2025\/06\/ISELO.jpg","jetpack_sharing_enabled":true,"publishpress_future_action":{"enabled":false,"date":"2026-05-08 08:49:32","action":"change-status","newStatus":"draft","terms":[],"taxonomy":"category","extraData":[]},"publishpress_future_workflow_manual_trigger":{"enabledWorkflows":[]},"_links":{"self":[{"href":"https:\/\/noticiasveracruz.com\/index.php\/wp-json\/wp\/v2\/posts\/58338","targetHints":{"allow":["GET"]}}],"collection":[{"href":"https:\/\/noticiasveracruz.com\/index.php\/wp-json\/wp\/v2\/posts"}],"about":[{"href":"https:\/\/noticiasveracruz.com\/index.php\/wp-json\/wp\/v2\/types\/post"}],"author":[{"embeddable":true,"href":"https:\/\/noticiasveracruz.com\/index.php\/wp-json\/wp\/v2\/users\/4"}],"replies":[{"embeddable":true,"href":"https:\/\/noticiasveracruz.com\/index.php\/wp-json\/wp\/v2\/comments?post=58338"}],"version-history":[{"count":0,"href":"https:\/\/noticiasveracruz.com\/index.php\/wp-json\/wp\/v2\/posts\/58338\/revisions"}],"wp:featuredmedia":[{"embeddable":true,"href":"https:\/\/noticiasveracruz.com\/index.php\/wp-json\/wp\/v2\/media\/58339"}],"wp:attachment":[{"href":"https:\/\/noticiasveracruz.com\/index.php\/wp-json\/wp\/v2\/media?parent=58338"}],"wp:term":[{"taxonomy":"category","embeddable":true,"href":"https:\/\/noticiasveracruz.com\/index.php\/wp-json\/wp\/v2\/categories?post=58338"},{"taxonomy":"post_tag","embeddable":true,"href":"https:\/\/noticiasveracruz.com\/index.php\/wp-json\/wp\/v2\/tags?post=58338"}],"curies":[{"name":"wp","href":"https:\/\/api.w.org\/{rel}","templated":true}]}}