{"id":58335,"date":"2025-06-12T00:07:26","date_gmt":"2025-06-12T06:07:26","guid":{"rendered":"https:\/\/noticiasveracruz.com\/?p=58335"},"modified":"2025-06-11T21:33:09","modified_gmt":"2025-06-12T03:33:09","slug":"ine-tiene-atribuciones-para-atender-empate-en-resultados-de-eleccion-judicial-tepjf","status":"publish","type":"post","link":"https:\/\/noticiasveracruz.com\/index.php\/2025\/06\/12\/ine-tiene-atribuciones-para-atender-empate-en-resultados-de-eleccion-judicial-tepjf\/","title":{"rendered":"INE tiene atribuciones para atender empate en resultados de elecci\u00f3n judicial: TEPJF"},"content":{"rendered":"<p class=\"nota-justify\">La Sala Superior del Tribunal Electoral del Poder Judicial de la Federaci\u00f3n (TEPJF) confirm\u00f3 que el Instituto Nacional Electoral (INE) tiene atribuciones para que en caso de empate en los resultados de la elecci\u00f3n judicial determine la vacancia del cargo, al no contarse con una persona ganadora.<\/p>\n<p class=\"nota-justify\">Lo anterior al discutir hoy en sesi\u00f3n un recurso en contra del acuerdo del INE, promovido por el Senado, el cual argument\u00f3 que el instituto carec\u00eda de facultades para declarar vacantes los cargos ante un empate y era omiso por no convocar, en este caso, a la realizaci\u00f3n de una elecci\u00f3n extraordinaria.<\/p>\n<p class=\"nota-justify\">El pleno aprob\u00f3 por unanimidad el proyecto de la magistrada presidenta M\u00f3nica Soto, en el que se puntualiza que la encomienda constitucional para convocar a elecciones extraordinarias \u201crecae directa y exclusivamente en el Senado\u201d.<\/p>\n<p class=\"nota-justify\">Record\u00f3 que el \u00f3rgano reformador de la Constituci\u00f3n dispuso que el Consejo General de ese instituto cuenta con la posibilidad de emitir acuerdos con el objeto de organizar y desarrollar el proceso electoral extraordinario.<\/p>\n<p class=\"nota-justify\">En otro asunto, las magistraturas de la Sala Superior desecharon, por mayor\u00eda de votos, dos quejas contra Lenia Batres, ministra de la Suprema Corte de Justicia de la Naci\u00f3n, quien fue la mujer con m\u00e1s votos para repetir en el cargo, por presuntamente vulnerar la normativa electoral en la elecci\u00f3n judicial.<\/p>\n<p class=\"nota-justify\">La primera denuncia incluye a Luis Alberto Reyes Ju\u00e1rez, consejero pol\u00edtico estatal de Quer\u00e9taro de Morena, y la diputada federal Antares Guadalupe V\u00e1zquez, por la organizaci\u00f3n y asistencia de un \u201cacto proselitista\u201d del 4 de abril 2025 en el Jard\u00edn Zenea, en la ciudad de Quer\u00e9taro, y por la realizaci\u00f3n de brigadas informativas en Guanajuato, as\u00ed como por diversas publicaciones en redes sociales.<\/p>\n<p class=\"nota-justify\">Aunque el proyecto a cargo del magistrado Reyes Rodr\u00edguez, apoyado por la magistrada Janine Ot\u00e1lora, planteaba revocar el desechamiento que hizo la Unidad T\u00e9cnica de lo Contencioso Electoral del INE, al considerar que no fue exhaustiva en el an\u00e1lisis de pruebas y por realizar una valoraci\u00f3n anticipada que corresponde al fondo del asunto, Soto y los magistrados Felipe de la Mata y Felipe Fuentes votaron en contra.<\/p>\n<p class=\"nota-justify\">Fuentes refut\u00f3 que no existen elementos de prueba que demuestren que la participaci\u00f3n de Batres \u201cse realizara en un marco distinto a lo que fue su promoci\u00f3n de campa\u00f1a\u201d como candidata y tampoco se desprende que \u201chubiera organizaci\u00f3n por parte de Morena o que se hubiere realizado alg\u00fan se\u00f1alamiento de alg\u00fan partido pol\u00edtico\u201d.<\/p>\n<p class=\"nota-justify\">A\u00f1adi\u00f3 que si bien est\u00e1 acreditada la asistencia de Reyes Ju\u00e1rez, \u201cde las constancias del expediente se desprende que acudi\u00f3 como simple espectador\u201d. Indic\u00f3 tambi\u00e9n que hay un informe de la Unidad T\u00e9cnica de Fiscalizaci\u00f3n del INE en el que se advierte que la brigada informativa estuvo directamente relacionado con la promoci\u00f3n de la candidatura de Batres y que fue reportada por la misma.<\/p>\n<p class=\"nota-justify\">La segunda denuncia que se discuti\u00f3 en la Sala Superior fue similar, s\u00f3lo que por un acto que se realiz\u00f3 en el municipio de Santa Catarina, Nuevo Le\u00f3n, e incluy\u00f3 al presidente municipal y una funcionaria partidista.<\/p>\n","protected":false},"excerpt":{"rendered":"<p>La Sala Superior del Tribunal Electoral del Poder Judicial de la Federaci\u00f3n (TEPJF) confirm\u00f3 que el Instituto Nacional Electoral (INE)<\/p>\n","protected":false},"author":4,"featured_media":58336,"comment_status":"closed","ping_status":"closed","sticky":false,"template":"","format":"standard","meta":{"colormag_page_container_layout":"default_layout","colormag_page_sidebar_layout":"default_layout","_jetpack_memberships_contains_paid_content":false,"footnotes":"","jetpack_publicize_message":"","jetpack_publicize_feature_enabled":true,"jetpack_social_post_already_shared":true,"jetpack_social_options":{"image_generator_settings":{"template":"highway","default_image_id":0,"font":"","enabled":false},"version":2}},"categories":[4],"tags":[],"class_list":["post-58335","post","type-post","status-publish","format-standard","has-post-thumbnail","hentry","category-nacional"],"jetpack_publicize_connections":[],"jetpack_featured_media_url":"https:\/\/noticiasveracruz.com\/wp-content\/uploads\/2025\/06\/INER.jpg","jetpack_sharing_enabled":true,"publishpress_future_action":{"enabled":false,"date":"2026-05-08 07:56:11","action":"change-status","newStatus":"draft","terms":[],"taxonomy":"category","extraData":[]},"publishpress_future_workflow_manual_trigger":{"enabledWorkflows":[]},"_links":{"self":[{"href":"https:\/\/noticiasveracruz.com\/index.php\/wp-json\/wp\/v2\/posts\/58335","targetHints":{"allow":["GET"]}}],"collection":[{"href":"https:\/\/noticiasveracruz.com\/index.php\/wp-json\/wp\/v2\/posts"}],"about":[{"href":"https:\/\/noticiasveracruz.com\/index.php\/wp-json\/wp\/v2\/types\/post"}],"author":[{"embeddable":true,"href":"https:\/\/noticiasveracruz.com\/index.php\/wp-json\/wp\/v2\/users\/4"}],"replies":[{"embeddable":true,"href":"https:\/\/noticiasveracruz.com\/index.php\/wp-json\/wp\/v2\/comments?post=58335"}],"version-history":[{"count":0,"href":"https:\/\/noticiasveracruz.com\/index.php\/wp-json\/wp\/v2\/posts\/58335\/revisions"}],"wp:featuredmedia":[{"embeddable":true,"href":"https:\/\/noticiasveracruz.com\/index.php\/wp-json\/wp\/v2\/media\/58336"}],"wp:attachment":[{"href":"https:\/\/noticiasveracruz.com\/index.php\/wp-json\/wp\/v2\/media?parent=58335"}],"wp:term":[{"taxonomy":"category","embeddable":true,"href":"https:\/\/noticiasveracruz.com\/index.php\/wp-json\/wp\/v2\/categories?post=58335"},{"taxonomy":"post_tag","embeddable":true,"href":"https:\/\/noticiasveracruz.com\/index.php\/wp-json\/wp\/v2\/tags?post=58335"}],"curies":[{"name":"wp","href":"https:\/\/api.w.org\/{rel}","templated":true}]}}