{"id":58332,"date":"2025-06-12T00:06:41","date_gmt":"2025-06-12T06:06:41","guid":{"rendered":"https:\/\/noticiasveracruz.com\/?p=58332"},"modified":"2025-06-11T21:31:25","modified_gmt":"2025-06-12T03:31:25","slug":"sistema-de-computos-del-ine-opero-con-total-transparencia-en-eleccion-judicial-uam-i","status":"publish","type":"post","link":"https:\/\/noticiasveracruz.com\/index.php\/2025\/06\/12\/sistema-de-computos-del-ine-opero-con-total-transparencia-en-eleccion-judicial-uam-i\/","title":{"rendered":"Sistema de c\u00f3mputos del INE oper\u00f3 con total transparencia en elecci\u00f3n judicial: UAM-I"},"content":{"rendered":"<div id=\"article-content-tts\" class=\"nota-contenido mb-5\">\n<div id=\"content_nitf\">\n<p class=\"nota-justify\">El sistema de c\u00f3mputos del Instituto Nacional Electoral (INE) para la elecci\u00f3n judicial \u201coper\u00f3 con total apego a los principios de transparencia, integridad y legalidad, garantizando la trazabilidad completa de cada operaci\u00f3n realizada y la veracidad de los resultados generados\u201d.<\/p>\n<p class=\"nota-justify\">As\u00ed lo confirm\u00f3 la evaluaci\u00f3n t\u00e9cnica que realiz\u00f3 la Universidad Aut\u00f3noma Metropolitana, unidad Iztapalapa (UAM-I), durante los nueve d\u00edas de operaci\u00f3n del sistema y hasta el momento de su cierre.<\/p>\n<p class=\"nota-justify\">En un comunicado, el INE inform\u00f3 que la evaluaci\u00f3n, realizada por especialistas en ingenier\u00eda de software y seguridad inform\u00e1tica, tuvo como prop\u00f3sito verificar que el sistema no incorporara mecanismos que pudieran alterar o manipular los resultados electorales.<\/p>\n<p class=\"nota-justify\">Indic\u00f3 que en colaboraci\u00f3n con la Oficial\u00eda Electoral del instituto y un notario p\u00fablico, se valid\u00f3 que el sistema instalado para la jornada electoral del pasado primero de junio, fuera exactamente el mismo que se evalu\u00f3 previamente, adem\u00e1s de que la base de datos se encontrara en estado cero antes del inicio de operaciones, descartando as\u00ed cualquier carga anticipada de informaci\u00f3n.<\/p>\n<p class=\"nota-justify\">La revisi\u00f3n t\u00e9cnica que realiz\u00f3 la UAM-I comprendi\u00f3: evaluaci\u00f3n funcional del sistema, asegurando la correcta ejecuci\u00f3n de cada m\u00f3dulo operativo; pruebas de seguridad inform\u00e1tica, orientadas a descartar vulnerabilidades que pudieran comprometer la integridad del sistema; y verificaci\u00f3n de la integridad en la generaci\u00f3n de resultados, garantizando que los datos no sean modificables en el proceso.<\/p>\n<p class=\"nota-justify\">De igual manera, el an\u00e1lisis del c\u00f3digo ejecutable y de la configuraci\u00f3n de infraestructura, para confirmar su correspondencia con el sistema previamente aprobado.<\/p>\n<p class=\"nota-justify\">El INE tambi\u00e9n inform\u00f3 que ma\u00f1ana los consejos locales de cada entidad federativa sesionar\u00e1n en punto de las 9:00 horas para realizar el c\u00f3mputo de la votaci\u00f3n obtenida para las elecciones del Circuito Judicial que corresponda.<\/p>\n<p class=\"nota-justify\">Para esto, se tomar\u00e1 nota de los resultados que consten en las actas de c\u00f3mputo distrital de cada elecci\u00f3n, realizando la suma por Distritos Judiciales Electorales al que correspondan.<\/p>\n<\/div>\n<\/div>\n<div class=\"notas-relacionadas\"><\/div>\n<div class=\"nota-tags\"><\/div>\n","protected":false},"excerpt":{"rendered":"<p>El sistema de c\u00f3mputos del Instituto Nacional Electoral (INE) para la elecci\u00f3n judicial \u201coper\u00f3 con total apego a los principios<\/p>\n","protected":false},"author":4,"featured_media":58333,"comment_status":"closed","ping_status":"closed","sticky":false,"template":"","format":"standard","meta":{"colormag_page_container_layout":"default_layout","colormag_page_sidebar_layout":"default_layout","_jetpack_memberships_contains_paid_content":false,"footnotes":"","jetpack_publicize_message":"","jetpack_publicize_feature_enabled":true,"jetpack_social_post_already_shared":true,"jetpack_social_options":{"image_generator_settings":{"template":"highway","default_image_id":0,"font":"","enabled":false},"version":2}},"categories":[4],"tags":[],"class_list":["post-58332","post","type-post","status-publish","format-standard","has-post-thumbnail","hentry","category-nacional"],"jetpack_publicize_connections":[],"jetpack_featured_media_url":"https:\/\/noticiasveracruz.com\/wp-content\/uploads\/2025\/06\/SIST.jpg","jetpack_sharing_enabled":true,"publishpress_future_action":{"enabled":false,"date":"2026-05-08 06:32:08","action":"change-status","newStatus":"draft","terms":[],"taxonomy":"category","extraData":[]},"publishpress_future_workflow_manual_trigger":{"enabledWorkflows":[]},"_links":{"self":[{"href":"https:\/\/noticiasveracruz.com\/index.php\/wp-json\/wp\/v2\/posts\/58332","targetHints":{"allow":["GET"]}}],"collection":[{"href":"https:\/\/noticiasveracruz.com\/index.php\/wp-json\/wp\/v2\/posts"}],"about":[{"href":"https:\/\/noticiasveracruz.com\/index.php\/wp-json\/wp\/v2\/types\/post"}],"author":[{"embeddable":true,"href":"https:\/\/noticiasveracruz.com\/index.php\/wp-json\/wp\/v2\/users\/4"}],"replies":[{"embeddable":true,"href":"https:\/\/noticiasveracruz.com\/index.php\/wp-json\/wp\/v2\/comments?post=58332"}],"version-history":[{"count":0,"href":"https:\/\/noticiasveracruz.com\/index.php\/wp-json\/wp\/v2\/posts\/58332\/revisions"}],"wp:featuredmedia":[{"embeddable":true,"href":"https:\/\/noticiasveracruz.com\/index.php\/wp-json\/wp\/v2\/media\/58333"}],"wp:attachment":[{"href":"https:\/\/noticiasveracruz.com\/index.php\/wp-json\/wp\/v2\/media?parent=58332"}],"wp:term":[{"taxonomy":"category","embeddable":true,"href":"https:\/\/noticiasveracruz.com\/index.php\/wp-json\/wp\/v2\/categories?post=58332"},{"taxonomy":"post_tag","embeddable":true,"href":"https:\/\/noticiasveracruz.com\/index.php\/wp-json\/wp\/v2\/tags?post=58332"}],"curies":[{"name":"wp","href":"https:\/\/api.w.org\/{rel}","templated":true}]}}