{"id":58323,"date":"2025-06-12T00:03:03","date_gmt":"2025-06-12T06:03:03","guid":{"rendered":"https:\/\/noticiasveracruz.com\/?p=58323"},"modified":"2025-06-11T21:18:34","modified_gmt":"2025-06-12T03:18:34","slug":"exigen-pruebas-a-nahle-que-mc-postulo-a-abanderados-con-ligas-a-la-delincuencia","status":"publish","type":"post","link":"https:\/\/noticiasveracruz.com\/index.php\/2025\/06\/12\/exigen-pruebas-a-nahle-que-mc-postulo-a-abanderados-con-ligas-a-la-delincuencia\/","title":{"rendered":"Exigen pruebas a Nahle que MC postul\u00f3 a abanderados con ligas a la delincuencia"},"content":{"rendered":"<p>Tras calificar \u201cfraude electoral grotesco\u201d en Papantla y Poza Rica, Jorge \u00c1lvarez M\u00e1ynez, coordinador nacional del partido Movimiento Ciudadano (MC), exigi\u00f3 a la gobernadora Roc\u00edo Nahle Garc\u00eda presente las pruebas de las acusaciones contra de candidatos del partido naranja de tener v\u00ednculos con el crimen organizado.<\/p>\n<p>En conferencia de prensa, en donde dijo que no caer\u00e1 en un juego de descalificaciones personales, le exigi\u00f3 responsabilidad institucional, porque \u201clas declaraciones p\u00fablicas sin pruebas s\u00f3lo envenenan el proceso democr\u00e1tico y no abonan a la paz social\u201d.<\/p>\n<p>Acompa\u00f1ado de Sof\u00eda Castro Guerrero, secretaria de organizaci\u00f3n; Augusto L\u00f3pez Delgado, secretario general de acuerdos; Luis Carbonell de la Hoz, coordinador estatal de MC en Veracruz y de Mariano Romero, excandidato a la alcald\u00eda de Papantla; \u00c1lvarez M\u00e1ynez defendi\u00f3 a Jos\u00e9 Manuel del R\u00edo Virgen y Gregorio G\u00f3mez, afirmando que fueron perseguidos pol\u00edticos y nunca fueron postulados como candidatos en este proceso.<\/p>\n<p>Explic\u00f3 que Jos\u00e9 Manuel del R\u00edo fue encarcelado injustamente, en tanto que de Goyo G\u00f3mez las acusaciones endilgadas est\u00e1n documentadas como falsas y reiter\u00f3 que ninguno de ellos fue postulado como candidato.<\/p>\n<p>\u201cElla es la gobernadora, si alguien tiene informaci\u00f3n, si alguien tiene documentaci\u00f3n, si alguien puede presentar pruebas y evidencias de una acusaci\u00f3n de esta naturaleza, de delincuencia organizada, pues es ella. Tiene la responsabilidad de cuidar la seguridad, la integridad y la paz social de Veracruz. Que las presente (las pruebas) y que se proceda legalmente\u201d, a\u00f1adi\u00f3.<\/p>\n<p>Record\u00f3 que en su momento ella dijo que Yunes M\u00e1rquez era un delincuente y hoy es senador de Morena y preside una comisi\u00f3n en el Senado por lo que cuestion\u00f3: \u201c\u00bfD\u00f3nde est\u00e1n los supuestos criminales?, \u00bfpor qu\u00e9 est\u00e1n ahora en sus filas?\u201d<\/p>\n<p>De los resultados electorales de Papantla, los calific\u00f3 como el \u201cprimer gran fraude electoral de Morena en el poder, porque durante el sexenio de Andr\u00e9s Manuel L\u00f3pez Obrador \u201cno hab\u00edamos visto algo as\u00ed. Hubo extrav\u00edos morales en Morena, s\u00ed, pero no de esa magnitud\u201d, calificando esta acci\u00f3n, como algo similar al fraude ocurrido en 1988, \u201cde proporciones grotescas\u201d.<\/p>\n<p>El emecista present\u00f3 supuestas evidencias de\u00a0 las irregularidades en los resultados de esas elecciones, por lo que acudir\u00e1n a las instancias legales respectivas y \u201cno voy a caer en un juego de descalificaciones ni de ataques personales. No se trata de esto. No se trata de adjetivarla. Se trata de una denuncia p\u00fablica de un hecho concreto que es un fraude electoral que ella no puede consentir como gobernadora de Veracruz\u201d.<\/p>\n<p>Es por ello que se est\u00e1 exigiendo que se reconozca el triunfo de Mariano Romero y de Emilio Olvera, y de los 41 candidatos y candidatas que ganaron en Veracruz y que trabajemos en conjunto, de manera institucional y en coordinaci\u00f3n, por lo que dijo no compartir la visi\u00f3n de que un gobernador puede trabajar con quien quiera, \u201cse gobierna para los que votan por ti, para los que no votan por nadie y para los que votan por otro partido distinto al que te dio la candidatura\u201d, concluy\u00f3.<\/p>\n","protected":false},"excerpt":{"rendered":"<p>Tras calificar \u201cfraude electoral grotesco\u201d en Papantla y Poza Rica, Jorge \u00c1lvarez M\u00e1ynez, coordinador nacional del partido Movimiento Ciudadano (MC),<\/p>\n","protected":false},"author":4,"featured_media":58324,"comment_status":"closed","ping_status":"closed","sticky":false,"template":"","format":"standard","meta":{"colormag_page_container_layout":"default_layout","colormag_page_sidebar_layout":"default_layout","_jetpack_memberships_contains_paid_content":false,"footnotes":"","jetpack_publicize_message":"","jetpack_publicize_feature_enabled":true,"jetpack_social_post_already_shared":true,"jetpack_social_options":{"image_generator_settings":{"template":"highway","default_image_id":0,"font":"","enabled":false},"version":2}},"categories":[1],"tags":[],"class_list":["post-58323","post","type-post","status-publish","format-standard","has-post-thumbnail","hentry","category-sin-categoria"],"jetpack_publicize_connections":[],"jetpack_featured_media_url":"https:\/\/noticiasveracruz.com\/wp-content\/uploads\/2025\/06\/NAH.jpg","jetpack_sharing_enabled":true,"publishpress_future_action":{"enabled":false,"date":"2026-05-08 04:00:10","action":"change-status","newStatus":"draft","terms":[],"taxonomy":"category","extraData":[]},"publishpress_future_workflow_manual_trigger":{"enabledWorkflows":[]},"_links":{"self":[{"href":"https:\/\/noticiasveracruz.com\/index.php\/wp-json\/wp\/v2\/posts\/58323","targetHints":{"allow":["GET"]}}],"collection":[{"href":"https:\/\/noticiasveracruz.com\/index.php\/wp-json\/wp\/v2\/posts"}],"about":[{"href":"https:\/\/noticiasveracruz.com\/index.php\/wp-json\/wp\/v2\/types\/post"}],"author":[{"embeddable":true,"href":"https:\/\/noticiasveracruz.com\/index.php\/wp-json\/wp\/v2\/users\/4"}],"replies":[{"embeddable":true,"href":"https:\/\/noticiasveracruz.com\/index.php\/wp-json\/wp\/v2\/comments?post=58323"}],"version-history":[{"count":0,"href":"https:\/\/noticiasveracruz.com\/index.php\/wp-json\/wp\/v2\/posts\/58323\/revisions"}],"wp:featuredmedia":[{"embeddable":true,"href":"https:\/\/noticiasveracruz.com\/index.php\/wp-json\/wp\/v2\/media\/58324"}],"wp:attachment":[{"href":"https:\/\/noticiasveracruz.com\/index.php\/wp-json\/wp\/v2\/media?parent=58323"}],"wp:term":[{"taxonomy":"category","embeddable":true,"href":"https:\/\/noticiasveracruz.com\/index.php\/wp-json\/wp\/v2\/categories?post=58323"},{"taxonomy":"post_tag","embeddable":true,"href":"https:\/\/noticiasveracruz.com\/index.php\/wp-json\/wp\/v2\/tags?post=58323"}],"curies":[{"name":"wp","href":"https:\/\/api.w.org\/{rel}","templated":true}]}}