{"id":58317,"date":"2025-06-12T00:01:47","date_gmt":"2025-06-12T06:01:47","guid":{"rendered":"https:\/\/noticiasveracruz.com\/?p=58317"},"modified":"2025-06-11T21:15:17","modified_gmt":"2025-06-12T03:15:17","slug":"distrito-de-tuxpan-no-se-puede-quedar-sin-diputado-expone-subsecretario-de-gobierno","status":"publish","type":"post","link":"https:\/\/noticiasveracruz.com\/index.php\/2025\/06\/12\/distrito-de-tuxpan-no-se-puede-quedar-sin-diputado-expone-subsecretario-de-gobierno\/","title":{"rendered":"Distrito de Tuxpan no se puede quedar sin diputado, expone subsecretario de gobierno"},"content":{"rendered":"<p>El subsecretario de Gobierno, Jos\u00e9 Manuel Pozos Castro, consider\u00f3 que el distrito de Tuxpan no se puede quedar sin legislador, por lo que el Congreso local debe hacer lo conducente para sustituirlo.<\/p>\n<p>En breve entrevista, mencion\u00f3 que se debe analizar la posibilidad de convocar a una elecci\u00f3n extraordinaria para sustituir la curul vacante, luego de que su propietario Daniel Cortina y la suplente Citlalli Medell\u00edn ganaran las elecciones municipales en Tuxpan y Tamiahua, respectivamente.<\/p>\n<p>\u201cYo creo que el Congreso debe analizar el cumplimiento de la ley. Hay que ver qu\u00e9 nos dice la ley y lo tiene que ver el Congreso (\u2026) Es muy probable (una elecci\u00f3n extraordinaria) pero s\u00ed lo tenemos que platicar con el Congreso\u201d, expres\u00f3.<\/p>\n<p>Cabe mencionar que el diputado propietario fue electo como alcalde de Tuxpan y tendr\u00e1 que rendir protesta el primero de enero del 2026; la suplente es Citlalli Medell\u00edn Careaga que fue electa como alcaldesa del municipio de Tamiahua.<\/p>\n<p>Cabe recordar que el viernes 6 junio, el diputado presidente de la Junta de Coordinaci\u00f3n Pol\u00edtica del Congreso local, Esteban Bautista Hern\u00e1ndez, dijo que es viable que el Congreso de Veracruz opere s\u00f3lo con 49 diputados.<\/p>\n<p>Sin embargo, Pozos Castro mencion\u00f3 que se debe hacer la valoraci\u00f3n para que los ciudadanos no se queden sin representaci\u00f3n.<\/p>\n","protected":false},"excerpt":{"rendered":"<p>El subsecretario de Gobierno, Jos\u00e9 Manuel Pozos Castro, consider\u00f3 que el distrito de Tuxpan no se puede quedar sin legislador,<\/p>\n","protected":false},"author":4,"featured_media":58318,"comment_status":"closed","ping_status":"closed","sticky":false,"template":"","format":"standard","meta":{"colormag_page_container_layout":"default_layout","colormag_page_sidebar_layout":"default_layout","_jetpack_memberships_contains_paid_content":false,"footnotes":"","jetpack_publicize_message":"","jetpack_publicize_feature_enabled":true,"jetpack_social_post_already_shared":true,"jetpack_social_options":{"image_generator_settings":{"template":"highway","default_image_id":0,"font":"","enabled":false},"version":2}},"categories":[356],"tags":[],"class_list":["post-58317","post","type-post","status-publish","format-standard","has-post-thumbnail","hentry","category-veracruz"],"jetpack_publicize_connections":[],"jetpack_featured_media_url":"https:\/\/noticiasveracruz.com\/wp-content\/uploads\/2025\/06\/PO.jpg","jetpack_sharing_enabled":true,"publishpress_future_action":{"enabled":false,"date":"2026-05-08 02:59:54","action":"change-status","newStatus":"draft","terms":[],"taxonomy":"category","extraData":[]},"publishpress_future_workflow_manual_trigger":{"enabledWorkflows":[]},"_links":{"self":[{"href":"https:\/\/noticiasveracruz.com\/index.php\/wp-json\/wp\/v2\/posts\/58317","targetHints":{"allow":["GET"]}}],"collection":[{"href":"https:\/\/noticiasveracruz.com\/index.php\/wp-json\/wp\/v2\/posts"}],"about":[{"href":"https:\/\/noticiasveracruz.com\/index.php\/wp-json\/wp\/v2\/types\/post"}],"author":[{"embeddable":true,"href":"https:\/\/noticiasveracruz.com\/index.php\/wp-json\/wp\/v2\/users\/4"}],"replies":[{"embeddable":true,"href":"https:\/\/noticiasveracruz.com\/index.php\/wp-json\/wp\/v2\/comments?post=58317"}],"version-history":[{"count":0,"href":"https:\/\/noticiasveracruz.com\/index.php\/wp-json\/wp\/v2\/posts\/58317\/revisions"}],"wp:featuredmedia":[{"embeddable":true,"href":"https:\/\/noticiasveracruz.com\/index.php\/wp-json\/wp\/v2\/media\/58318"}],"wp:attachment":[{"href":"https:\/\/noticiasveracruz.com\/index.php\/wp-json\/wp\/v2\/media?parent=58317"}],"wp:term":[{"taxonomy":"category","embeddable":true,"href":"https:\/\/noticiasveracruz.com\/index.php\/wp-json\/wp\/v2\/categories?post=58317"},{"taxonomy":"post_tag","embeddable":true,"href":"https:\/\/noticiasveracruz.com\/index.php\/wp-json\/wp\/v2\/tags?post=58317"}],"curies":[{"name":"wp","href":"https:\/\/api.w.org\/{rel}","templated":true}]}}