{"id":58268,"date":"2025-06-11T00:09:25","date_gmt":"2025-06-11T06:09:25","guid":{"rendered":"https:\/\/noticiasveracruz.com\/?p=58268"},"modified":"2025-06-10T22:36:10","modified_gmt":"2025-06-11T04:36:10","slug":"tribunal-mantiene-vigentes-los-aranceles-de-trump-impuestos-a-mexico","status":"publish","type":"post","link":"https:\/\/noticiasveracruz.com\/index.php\/2025\/06\/11\/tribunal-mantiene-vigentes-los-aranceles-de-trump-impuestos-a-mexico\/","title":{"rendered":"Tribunal mantiene vigentes los aranceles de Trump impuestos a M\u00e9xico"},"content":{"rendered":"<p>Los aranceles aduaneros impuestos por el presidente de Estados Unidos, Donald Trump, que fueron suspendidos por la justicia en primera instancia y que afectan a M\u00e9xico, Canad\u00e1 y China, permanecer\u00e1n vigentes por ahora hasta que se resuelva el caso en apelaci\u00f3n, determin\u00f3 un tribunal este martes.<\/p>\n<p>A finales de mayo, el Tribunal de Comercio Internacional acus\u00f3 al presidente estadounidense de extralimitarse en sus funciones al imponer aranceles generalizados -una decisi\u00f3n que es prerrogativa del Congreso-, y suspendi\u00f3 la mayor\u00eda de los impuestos de aduana anunciados.\u00a0<a href=\"https:\/\/t.ly\/8oRRm\" target=\"_blank\" rel=\"noopener noreferrer\">https:\/\/t.ly\/8oRRm<\/a><\/p>\n<p>El dictamen del Tribunal con sede en Manhattan alcanzaba a los aranceles impuestos a Canad\u00e1, M\u00e9xico y China para presionarlos a combatir el tr\u00e1fico de fentanilo, y a los grav\u00e1menes adicionales sobre todos los productos que entran en Estados Unidos, de un m\u00ednimo de 10 por ciento y de hasta 50 por ciento, dependiendo del pa\u00eds de origen, resueltos por el mandatario.<\/p>\n<p>El gobierno de Trump impugn\u00f3 esta decisi\u00f3n. Menos de 24 horas despu\u00e9s del bloqueo, una corte de apelaciones decidi\u00f3 mantenerlos temporalmente hasta pronunciarse sobre el fondo del asunto.\u00a0<a href=\"https:\/\/t.ly\/V1BzG\" target=\"_blank\" rel=\"noopener noreferrer\">https:\/\/t.ly\/V1BzG<\/a><\/p>\n<p>Este martes, un tribunal federal de apelaciones valid\u00f3 que los aranceles se apliquen hasta nuevo aviso.<\/p>\n<p>Adem\u00e1s, dictamin\u00f3 que el caso deb\u00eda examinarse r\u00e1pidamente porque plantea \u201ccuestiones de importancia excepcional\u201d, por lo que tiene previsto o\u00edr a las partes el 31 de julio.<\/p>\n<p>Desde que regres\u00f3 al poder en enero, Trump ha transformado los lazos comerciales de su pa\u00eds con el mundo mediante la imposici\u00f3n de aranceles como t\u00e1ctica de negociaci\u00f3n.<\/p>\n","protected":false},"excerpt":{"rendered":"<p>Los aranceles aduaneros impuestos por el presidente de Estados Unidos, Donald Trump, que fueron suspendidos por la justicia en primera instancia y que afectan a M\u00e9xico, Canad\u00e1 y China, permanecer\u00e1n vigentes por ahora hasta que se resuelva el caso en apelaci\u00f3n, determin\u00f3 un tribunal este martes. A finales de mayo, el Tribunal de Comercio Internacional [&hellip;]<\/p>\n","protected":false},"author":4,"featured_media":58269,"comment_status":"closed","ping_status":"closed","sticky":false,"template":"","format":"standard","meta":{"_jetpack_newsletter_access":"","_jetpack_dont_email_post_to_subs":false,"_jetpack_newsletter_tier_id":0,"_jetpack_memberships_contains_paywalled_content":false,"_jetpack_feature_clip_id":0,"_jetpack_memberships_contains_paid_content":false,"footnotes":"","jetpack_publicize_message":"","jetpack_publicize_feature_enabled":true,"jetpack_social_post_already_shared":true,"jetpack_social_options":{"image_generator_settings":{"template":"highway","default_image_id":0,"font":"","enabled":false},"version":2},"jetpack_post_was_ever_published":false},"categories":[1947],"tags":[],"class_list":["post-58268","post","type-post","status-publish","format-standard","has-post-thumbnail","hentry","category-economia"],"jetpack_publicize_connections":[],"jetpack_sharing_enabled":true,"publishpress_future_action":{"enabled":false,"date":"2026-09-08 14:58:49","action":"change-status","newStatus":"draft","terms":[],"taxonomy":"category","extraData":[]},"publishpress_future_workflow_manual_trigger":{"enabledWorkflows":[]},"jetpack_featured_media_url":"https:\/\/noticiasveracruz.com\/wp-content\/uploads\/2025\/06\/LITIO.jpg","_links":{"self":[{"href":"https:\/\/noticiasveracruz.com\/index.php\/wp-json\/wp\/v2\/posts\/58268","targetHints":{"allow":["GET"]}}],"collection":[{"href":"https:\/\/noticiasveracruz.com\/index.php\/wp-json\/wp\/v2\/posts"}],"about":[{"href":"https:\/\/noticiasveracruz.com\/index.php\/wp-json\/wp\/v2\/types\/post"}],"author":[{"embeddable":true,"href":"https:\/\/noticiasveracruz.com\/index.php\/wp-json\/wp\/v2\/users\/4"}],"replies":[{"embeddable":true,"href":"https:\/\/noticiasveracruz.com\/index.php\/wp-json\/wp\/v2\/comments?post=58268"}],"version-history":[{"count":0,"href":"https:\/\/noticiasveracruz.com\/index.php\/wp-json\/wp\/v2\/posts\/58268\/revisions"}],"wp:featuredmedia":[{"embeddable":true,"href":"https:\/\/noticiasveracruz.com\/index.php\/wp-json\/wp\/v2\/media\/58269"}],"wp:attachment":[{"href":"https:\/\/noticiasveracruz.com\/index.php\/wp-json\/wp\/v2\/media?parent=58268"}],"wp:term":[{"taxonomy":"category","embeddable":true,"href":"https:\/\/noticiasveracruz.com\/index.php\/wp-json\/wp\/v2\/categories?post=58268"},{"taxonomy":"post_tag","embeddable":true,"href":"https:\/\/noticiasveracruz.com\/index.php\/wp-json\/wp\/v2\/tags?post=58268"}],"curies":[{"name":"wp","href":"https:\/\/api.w.org\/{rel}","templated":true}]}}