{"id":58241,"date":"2025-06-10T21:17:52","date_gmt":"2025-06-11T03:17:52","guid":{"rendered":"https:\/\/noticiasveracruz.com\/?p=58241"},"modified":"2025-06-10T21:17:52","modified_gmt":"2025-06-11T03:17:52","slug":"la-cultura-china-llegara-a-tuxpan-con-el-festival-de-botes-del-dragon-2025","status":"publish","type":"post","link":"https:\/\/noticiasveracruz.com\/index.php\/2025\/06\/10\/la-cultura-china-llegara-a-tuxpan-con-el-festival-de-botes-del-dragon-2025\/","title":{"rendered":"La cultura China llegar\u00e1 a Tuxpan con el Festival de Botes del Drag\u00f3n 2025"},"content":{"rendered":"<p>Tuxpan, Ver. 10 de junio de 2025.- El pr\u00f3ximo 19 de julio se llevar\u00e1 a cabo el Festival de Botes de Drag\u00f3n Tuxpan 2025, un espect\u00e1culo \u00fanico de la cultura china que en 2009 fue declarada por la UNESCO Patrimonio Cultural Inmaterial de la Humanidad.<\/p>\n<p>En rueda de prensa Valeria Loya Herrera, directora de Turismo; Manuel Cortina Mart\u00ednez, director de COMUDE; as\u00ed como los integrantes del comit\u00e9 organizador Jos\u00e9 Zhu, director general; Jes\u00fas Badillo, secretario general; Manuel Cruz y Enrique Salas, Log\u00edstica y Diana Soto, tesorera, presentaron los pormenores del evento.<\/p>\n<p>Detallaron que se tienen programadas diversas actividades culturales y deportivas entre las que destacan danzas, m\u00fasica, muestras gastron\u00f3micas, exhibiciones de artes marciales y la regata del drag\u00f3n, en la que se presentar\u00e1n tres embarcaciones que llegar\u00e1n de China, mismas que se utilizan en la regata original.<\/p>\n<p>En la regata participar\u00e1n equipos de varios estados de la rep\u00fablica. As\u00ed mismo, los organizadores invitaron a propietarios de embarcaciones particulares a inscribirse en las oficinas de COMUDE antes del 12 de julio, que es la fecha l\u00edmite.<\/p>\n<p>El registro no tiene costo, solo se pide que se decoren las embarcaciones con tem\u00e1tica alusiva al evento.<\/p>\n<p>Dentro de esta celebraci\u00f3n tambi\u00e9n se llevar\u00e1 a cabo una \u201cT\u00f3mbola de la Fortuna\u201d, para tener acceso se vender\u00e1n unas pulseras el d\u00eda del evento, con un costo de veinte pesos, y los premios ser\u00e1n para el primero y segundo lugar una bicicleta el\u00e9ctrica y para el tercer lugar una habitaci\u00f3n, con todo pagado, en el Hotel La Fortuna.<\/p>\n<p>Este festival se lleva a cabo gracias a los trabajos coordinados de la Embajada Cultural de China en M\u00e9xico, el H. Ayuntamiento de Tuxpan y la Fundaci\u00f3n Huandu.<\/p>\n","protected":false},"excerpt":{"rendered":"<p>Tuxpan, Ver. 10 de junio de 2025.- El pr\u00f3ximo 19 de julio se llevar\u00e1 a cabo el Festival de Botes de Drag\u00f3n Tuxpan 2025, un espect\u00e1culo \u00fanico de la cultura china que en 2009 fue declarada por la UNESCO Patrimonio Cultural Inmaterial de la Humanidad. En rueda de prensa Valeria Loya Herrera, directora de Turismo; [&hellip;]<\/p>\n","protected":false},"author":4,"featured_media":58242,"comment_status":"closed","ping_status":"closed","sticky":false,"template":"","format":"standard","meta":{"_jetpack_newsletter_access":"","_jetpack_dont_email_post_to_subs":false,"_jetpack_newsletter_tier_id":0,"_jetpack_memberships_contains_paywalled_content":false,"_jetpack_feature_clip_id":0,"_jetpack_memberships_contains_paid_content":false,"footnotes":"","jetpack_publicize_message":"","jetpack_publicize_feature_enabled":true,"jetpack_social_post_already_shared":true,"jetpack_social_options":{"image_generator_settings":{"template":"highway","default_image_id":0,"font":"","enabled":false},"version":2},"jetpack_post_was_ever_published":false},"categories":[3372,356],"tags":[],"class_list":["post-58241","post","type-post","status-publish","format-standard","has-post-thumbnail","hentry","category-gobierno-tuxpan","category-veracruz"],"jetpack_publicize_connections":[],"jetpack_sharing_enabled":true,"publishpress_future_action":{"enabled":false,"date":"2026-09-07 13:35:02","action":"change-status","newStatus":"draft","terms":[],"taxonomy":"category","extraData":[]},"publishpress_future_workflow_manual_trigger":{"enabledWorkflows":[]},"jetpack_featured_media_url":"https:\/\/noticiasveracruz.com\/wp-content\/uploads\/2025\/06\/WhatsApp-Image-2025-06-10-at-14.13.17.jpeg","_links":{"self":[{"href":"https:\/\/noticiasveracruz.com\/index.php\/wp-json\/wp\/v2\/posts\/58241","targetHints":{"allow":["GET"]}}],"collection":[{"href":"https:\/\/noticiasveracruz.com\/index.php\/wp-json\/wp\/v2\/posts"}],"about":[{"href":"https:\/\/noticiasveracruz.com\/index.php\/wp-json\/wp\/v2\/types\/post"}],"author":[{"embeddable":true,"href":"https:\/\/noticiasveracruz.com\/index.php\/wp-json\/wp\/v2\/users\/4"}],"replies":[{"embeddable":true,"href":"https:\/\/noticiasveracruz.com\/index.php\/wp-json\/wp\/v2\/comments?post=58241"}],"version-history":[{"count":0,"href":"https:\/\/noticiasveracruz.com\/index.php\/wp-json\/wp\/v2\/posts\/58241\/revisions"}],"wp:featuredmedia":[{"embeddable":true,"href":"https:\/\/noticiasveracruz.com\/index.php\/wp-json\/wp\/v2\/media\/58242"}],"wp:attachment":[{"href":"https:\/\/noticiasveracruz.com\/index.php\/wp-json\/wp\/v2\/media?parent=58241"}],"wp:term":[{"taxonomy":"category","embeddable":true,"href":"https:\/\/noticiasveracruz.com\/index.php\/wp-json\/wp\/v2\/categories?post=58241"},{"taxonomy":"post_tag","embeddable":true,"href":"https:\/\/noticiasveracruz.com\/index.php\/wp-json\/wp\/v2\/tags?post=58241"}],"curies":[{"name":"wp","href":"https:\/\/api.w.org\/{rel}","templated":true}]}}