{"id":5812,"date":"2022-07-04T01:13:36","date_gmt":"2022-07-04T06:13:36","guid":{"rendered":"https:\/\/noticiasveracruz.com\/?p=5812"},"modified":"2022-07-04T01:13:54","modified_gmt":"2022-07-04T06:13:54","slug":"memoria-o-mentira","status":"publish","type":"post","link":"https:\/\/noticiasveracruz.com\/index.php\/2022\/07\/04\/memoria-o-mentira\/","title":{"rendered":"Memoria o mentira"},"content":{"rendered":"<p>&nbsp;<\/p>\n<p class=\"p1\"><span style=\"font-size: 18pt;\"><b>Por Jos\u00e9 Garc\u00eda S\u00e1nchez<\/b><\/span><\/p>\n<p class=\"p1\"><span style=\"font-size: 14pt;\">Muchos de los que ahora le encuentran errores a la Refiner\u00eda Olmeca callaron ante la construcci\u00f3n de una barda en lugar de refiner\u00eda en el periodo de Calder\u00f3n. Callaron ante la falta de respeto y el gran enga\u00f1o. A pesar del excedente que caus\u00f3 el incremento de la inversi\u00f3n de la refiner\u00eda, su construcci\u00f3n fue cubierta con el excedente por la venta del petr\u00f3leo.<\/span><\/p>\n<p class=\"p1\"><span style=\"font-size: 18pt;\"><strong>Es decir, la misma causa que motiv\u00f3 el sobreprecio de la refiner\u00eda, impuls\u00f3 el precio del petr\u00f3leo a nivel mundial para que erigiera con ese sobrante de dinero, lo cual implica que no se endeud\u00f3 ni un peso para su inauguraci\u00f3n. Eso tambi\u00e9n lo critican quienes olvidaron que entre el sexenio de Fox y el de Calder\u00f3n desaparecieron 500 mil millones de d\u00f3lares de los excedentes petroleros y nadie de los voceros de la ignominia fueron para denunciarlo.<\/strong><\/span><\/p>\n<p class=\"p1\"><span style=\"font-size: 18pt;\"><strong>Esa misma falta de memoria recae en la irresponsabilidad de quienes afirman que en nuestro pa\u00eds se vive un narco estado por dos factores fundamentales, el primero la liberaci\u00f3n de Ovidio Guzm\u00e1n, hijo de El Chapo, ante el peligro inminente de que se atacara con armas de fuego una unidad habitacional ocupada por familiares de soldaos y, la otra, el saludo a la mam\u00e1 de el Chapo por el presidente de la Rep\u00fablica.<\/strong><\/span><\/p>\n<p>&nbsp;<\/p>\n<p><img loading=\"lazy\" decoding=\"async\" class=\"aligncenter wp-image-7242\" src=\"https:\/\/politicosaldesnudo.com.mx\/wp-content\/uploads\/2022\/07\/POSTIGO2-300x225.jpeg\" alt=\"\" width=\"800\" height=\"600\" \/><\/p>\n<p>&nbsp;<\/p>\n<p class=\"p1\"><span style=\"font-size: 18pt;\"><b>ARELLANO F\u00c9LIX<\/b><\/span><\/p>\n<p class=\"p1\"><span style=\"font-size: 18pt;\"><strong>Ambas situaciones son tomadas con ligereza apara asegurar que el gobierno del pa\u00eds est\u00e1 asociado con el narcotr\u00e1fico, pero se olvidan de aquel hecho en 1993 cuando Carlos Salinas de Gortari dio la orden al entonces Procurador General de la Rep\u00fablica, Jorge Carpizo de no detener a los hermanos Arellano F\u00e9lix, quienes fueron a la Nunciatura Apost\u00f3lica de M\u00e9xico, que ocupaba entonces Jer\u00f3nimo Prigione, quien le avis\u00f3 al Jefe del Ejecutivo que ah\u00ed estaban los l\u00edderes del C\u00e1rtel de Tijuana. Ah\u00ed no hab\u00eda la amenaza de la muerte de nadie.<\/strong><\/span><\/p>\n<p class=\"p1\"><span style=\"font-size: 18pt;\"><strong>La reuni\u00f3n fue solicitada por los delincuentes para que el monse\u00f1or Prigione fuera el intermediario para hablar con el presidente y mencionarle que ellos no hab\u00edan participado en el asesinato del cardenal Posadas Ocampo. Jorge Carpizo, supo del encuentro y no hizo nada por detener a los narcotraficantes, quien despu\u00e9s escribir\u00eda en su libro \u201cEl asesinato de un cardenal. Ganancia de pescadores\u201d, que \u00e9l y el presidente decidieron no proceder a la captura porque la detenci\u00f3n implicaba riesgos, incluyendo la vida de Prigione, lo cual resulta poco cre\u00edble.<\/strong><\/span><\/p>\n<p class=\"p1\"><span style=\"font-size: 14pt;\">Conocida la noticia y dada la informaci\u00f3n los mismos comunicadores que hoy reclaman la decisi\u00f3n de no capturar a Ovidio, callaron y nunca dijeron nada. Los medios redujeron la nota a unos cuantos p\u00e1rrafos y nadie sali\u00f3 perjudicado. Pero hubo consecuencias para la seguridad el pa\u00eds, que tiene su origen precisamente en ese tipo de pasividades c\u00f3mplices.<\/span><\/p>\n<p class=\"p1\"><span style=\"font-size: 14pt;\">Desde hace cinco a\u00f1os,\u00a0el C\u00e1rtel de Tijuana se asoci\u00f3 con el c\u00e1rtel de Jalisco Nueva Generaci\u00f3n que termin\u00f3 por fusionarse con el claro objetivo de monopolizar la ruta de la droga hacia el vecino pa\u00eds del norte.<\/span><\/p>\n<p class=\"p1\"><span style=\"font-size: 14pt;\">De esos que callaron durante el pasado y ahora se dicen indignados por supuestos, tambi\u00e9n han sido se\u00f1alados por Genaro Garc\u00eda Luna como benefactores de su generosidad. Porque hoy quieren hacer olvidar que el secretario de Seguridad de Felipe Calder\u00f3n est\u00e1 preso en Estados Unidos por varios delitos, entre ellos el de crimen organizado.<\/span><\/p>\n<p class=\"p1\"><span style=\"font-size: 18pt;\"><strong>En lugar de que quienes escriban, y dan testimonio de la realidad se dedican a asesinar la memoria de la poblaci\u00f3n, logrando \u00fanicamente que muera su credibilidad.<\/strong><\/span><\/p>\n<p>&nbsp;<\/p>\n<p><strong><span style=\"font-size: 18pt;\">Twitter: <a href=\"https:\/\/twitter.com\/Josangasa3\">@Josangasa3<\/a><\/span><\/strong><\/p>\n<p>&nbsp;<\/p>\n<p><span style=\"font-size: 18pt; color: #fa1e43;\"><em><strong>**Las columnas firmadas en este medio son responsabilidad de quienes las firman**<\/strong><\/em><\/span><\/p>\n<p>&nbsp;<\/p>\n","protected":false},"excerpt":{"rendered":"<p>&nbsp; Por Jos\u00e9 Garc\u00eda S\u00e1nchez Muchos de los que ahora le encuentran errores a la Refiner\u00eda Olmeca callaron ante la<\/p>\n","protected":false},"author":4,"featured_media":3183,"comment_status":"closed","ping_status":"closed","sticky":false,"template":"","format":"standard","meta":{"colormag_page_container_layout":"default_layout","colormag_page_sidebar_layout":"default_layout","_jetpack_memberships_contains_paid_content":false,"footnotes":"","jetpack_publicize_message":"","jetpack_publicize_feature_enabled":true,"jetpack_social_post_already_shared":false,"jetpack_social_options":{"image_generator_settings":{"template":"highway","default_image_id":0,"font":"","enabled":false},"version":2}},"categories":[6],"tags":[],"class_list":["post-5812","post","type-post","status-publish","format-standard","has-post-thumbnail","hentry","category-columnistas"],"jetpack_publicize_connections":[],"jetpack_featured_media_url":"https:\/\/noticiasveracruz.com\/wp-content\/uploads\/2022\/04\/NV-JOSE\u0301-GARCI\u0301A.png","jetpack_sharing_enabled":true,"publishpress_future_action":{"enabled":false,"date":"2026-05-07 15:40:41","action":"change-status","newStatus":"draft","terms":[],"taxonomy":"category","extraData":[]},"publishpress_future_workflow_manual_trigger":{"enabledWorkflows":[]},"_links":{"self":[{"href":"https:\/\/noticiasveracruz.com\/index.php\/wp-json\/wp\/v2\/posts\/5812","targetHints":{"allow":["GET"]}}],"collection":[{"href":"https:\/\/noticiasveracruz.com\/index.php\/wp-json\/wp\/v2\/posts"}],"about":[{"href":"https:\/\/noticiasveracruz.com\/index.php\/wp-json\/wp\/v2\/types\/post"}],"author":[{"embeddable":true,"href":"https:\/\/noticiasveracruz.com\/index.php\/wp-json\/wp\/v2\/users\/4"}],"replies":[{"embeddable":true,"href":"https:\/\/noticiasveracruz.com\/index.php\/wp-json\/wp\/v2\/comments?post=5812"}],"version-history":[{"count":0,"href":"https:\/\/noticiasveracruz.com\/index.php\/wp-json\/wp\/v2\/posts\/5812\/revisions"}],"wp:featuredmedia":[{"embeddable":true,"href":"https:\/\/noticiasveracruz.com\/index.php\/wp-json\/wp\/v2\/media\/3183"}],"wp:attachment":[{"href":"https:\/\/noticiasveracruz.com\/index.php\/wp-json\/wp\/v2\/media?parent=5812"}],"wp:term":[{"taxonomy":"category","embeddable":true,"href":"https:\/\/noticiasveracruz.com\/index.php\/wp-json\/wp\/v2\/categories?post=5812"},{"taxonomy":"post_tag","embeddable":true,"href":"https:\/\/noticiasveracruz.com\/index.php\/wp-json\/wp\/v2\/tags?post=5812"}],"curies":[{"name":"wp","href":"https:\/\/api.w.org\/{rel}","templated":true}]}}