{"id":5809,"date":"2022-07-04T01:09:02","date_gmt":"2022-07-04T06:09:02","guid":{"rendered":"https:\/\/noticiasveracruz.com\/?p=5809"},"modified":"2022-07-04T01:09:02","modified_gmt":"2022-07-04T06:09:02","slug":"error-historico-desaparecer-al-pri","status":"publish","type":"post","link":"https:\/\/noticiasveracruz.com\/index.php\/2022\/07\/04\/error-historico-desaparecer-al-pri\/","title":{"rendered":"Error hist\u00f3rico desaparecer al PRI"},"content":{"rendered":"<p class=\"p1\">\n<p>&nbsp;<\/p>\n<p class=\"p1\"><span style=\"font-size: 18pt;\"><b>Por Carlos O. Silva Bandala<\/b><\/span><\/p>\n<p class=\"p1\"><span style=\"font-size: 14pt;\">El Presidente del CEN del PRI es el dirigente del Partido\u2026 el PRI fue fundado en 1929 por el expresidente de M\u00e9xico Plutarco El\u00edas Calles bajo el nombre de Partido Nacional Revolucionario (PNR) y en 1946 adquiri\u00f3 su nombre como Partido Revolucionario Institucional\u2026A lo largo de su historia ha sido dirigido por m\u00e1s de 50 presidentes\u2026 En casi 9 d\u00e9cadas de existencia ha adoptado una amplia variedad de ideolog\u00edas, a menudo determinadas por el presidente de la Rep\u00fablica, pri\u00edsta\u2026 En sus inicios se defini\u00f3 como un partido de ideales de izquierda, marcado por la reci\u00e9n terminada Revoluci\u00f3n Mexicana\u2026 En 1980 fue sometido a diversas reformas de corte neoliberal que encamina su actual desempe\u00f1o, con pol\u00edticas identificadas como de centro- derecha, tales como la privatizaci\u00f3n de empresas estatales, el restablecimiento de las relaciones con la iglesia cat\u00f3lica y la implementaci\u00f3n de un capitalismo libre de mercado.<\/span><\/p>\n<p class=\"p1\"><span style=\"font-size: 14pt;\">Siendo miembro de la Internacional Socialista, el PRI, en la pr\u00e1ctica no es considerado un partido socialista ni social dem\u00f3crata\u2026La plataforma pol\u00edtica del PRI, actualmente aboga por un equilibrio pol\u00edtico entre el bienestar social y el capitalismo, el impulso de la cultura mexicana, la modernizaci\u00f3n del campo, el federalismo, la paridad de g\u00e9nero, la educaci\u00f3n gratuita en todos sus grados, el derecho a la salud y la atenci\u00f3n m\u00e9dica gratuitas para todos los pobres, el fortalecimiento de la seguridad nacional, el uso de energ\u00eda sostenibles, la divisi\u00f3n de poderes y establecer un nuevo pacto fiscal federal, entre otros asuntos importantes y trascendentes.<\/span><\/p>\n<p class=\"p1\"><span style=\"font-size: 14pt;\">En el 2018 fue la tercera fuerza pol\u00edtica nacional, 13% de votos, con un candidato no afiliado al PRI\u2026 Actualmente tiene 70 diputados federales, 12 senadores, un n\u00famero importante de diputados locales y varias centenas de presidentes municipales\u2026 Registra alrededor de un mill\u00f3n 600 mil militantes\u2026 De manera ininterrumpida el PRI gobern\u00f3 desde la Presidencia de la Rep\u00fablica por 70 a\u00f1os y un per\u00edodo intermedio de 6, despu\u00e9s de 12 a\u00f1os del PAN\u2026 Durante ese largo per\u00edodo ning\u00fan golpe militar se dio y hasta la actualidad tenemos una estabilidad institucional que destaca sobre todo al compararse con los dem\u00e1s pa\u00edses de la regi\u00f3n\u2026 Durante dicho per\u00edodo las gobernanzas pri\u00edstas sucedieron en casi todos los espacios del poder pol\u00edtico\u2026 Las decisiones pol\u00edticas del Partido determinaron el curso de la econom\u00eda y de la sociedad del siglo XX en nuestro pa\u00eds, por lo que en la actualidad siguen presentes en la sociedad mexicana, importantes proyectos econ\u00f3micos y sociales\u2026 Simplemente, c\u00f3mo entender la enorme y pujante clase media, sin el concurso de las pol\u00edticas p\u00fablicas promovidas y ejecutadas durante el per\u00edodo pri\u00edsta\u2026 Con el PRI fue y debiese seguir siendo otra muy distinta situaci\u00f3n social a la que nos proyecta el gobierno lopezobradorista y Morena.<\/span><\/p>\n<p class=\"p1\"><span style=\"font-size: 14pt;\">Es por eso, me parece de mayor relevancia lo que est\u00e1 sucediendo con la dirigencia nacional del PRI y su preocupaci\u00f3n y ahora nuevamente, ocupaci\u00f3n pol\u00edtica de los ex -presidentes del CEN del Partido, porque los buenos, regulares o malos resultados de las dirigencias nacionales pri\u00edstas incluyendo la actual con Alito Moreno, son su historia, la suya propia y consecuentemente la del Partido\u2026 A querer o no son corresponsables de su historia.<\/span><\/p>\n<p>&nbsp;<\/p>\n<p><img loading=\"lazy\" decoding=\"async\" class=\"aligncenter wp-image-7239 size-large\" src=\"https:\/\/politicosaldesnudo.com.mx\/wp-content\/uploads\/2022\/07\/OPINIO\u0301N-ALTERNATIVA1-1024x682.jpeg\" alt=\"\" width=\"800\" height=\"533\" \/><\/p>\n<p>&nbsp;<\/p>\n<p class=\"p1\"><span style=\"font-size: 18pt;\"><b>ALITO MORENO<\/b><\/span><\/p>\n<p class=\"p1\"><span style=\"font-size: 14pt;\">Alito Moreno permea un estilo y mal interpretaci\u00f3n de liderazgo pol\u00edtico\u2026 Act\u00faa cual cacique que distorsiona la forma democr\u00e1tica e incluyente de una dirigencia pol\u00edtica nacional\u2026 Alito Moreno necesita ser m\u00e1s, mucho m\u00e1s inteligente y congruente con la realidad, la suya y la del Partido\u2026 Le es preciso concebir capacidad de entender o comprender con m\u00e1s inteligencia l\u00f3gica, racional, anal\u00edtica, la corresponsabilidad a la que se est\u00e1n comprometiendo los ex \u2013 presidentes del CEN del PRI, al lado de \u00e9l, de ah\u00ed no debe moverse: ir juntos al rescate de la buena historia del PRI y su permanencia y relevancia en la democracia y pluralidad pol\u00edtica \u2013 ideol\u00f3gica del centro- izquierda, centro \u2013 derecha, que es la fuente m\u00e1s genuina que representa el partido en la sociedad.<\/span><\/p>\n<p class=\"p1\"><span style=\"font-size: 14pt;\">La gran fuerza pol\u00edtica y de movilizaci\u00f3n social del PRI y de los presidentes de la Rep\u00fablica pri\u00edstas, tuvieron su preeminencia en el voto verde (los campesinos) y el control del voto obrero, pero, desde Jos\u00e9 L\u00f3pez Portillo a Ernesto Zedillo y vale considerar el espacio de Enrique Pe\u00f1a Nieto, el pa\u00eds cambio mucho\u2026 De ser un pa\u00eds de m\u00e1s de 20 millones de campesinos y trabajadores del campo, pas\u00f3 lenta y evolutivamente ser un pa\u00eds m\u00e1s urbano, m\u00e1s citadino\u2026 Hoy las clases medias son conglomerado social mucho m\u00e1s numeroso que los campesinos y pobladores del campo y por supuesto que de obreros\u2026 Alrededor de 60 millones de clases medias, dice mucho de c\u00f3mo ha cambiado este pa\u00eds, resultado de manera sobresaliente por las pol\u00edticas p\u00fablicas de los gobiernos pri\u00edstas, del PRI, pues.<\/span><\/p>\n<p class=\"p1\"><span style=\"font-size: 14pt;\">La mayor\u00eda de los gobiernos del mundo est\u00e1n enfocados en crear m\u00e1s clase media\u2026 La nuestra es pujante, preparada e informada, con una brillante capacidad para entender el momento hist\u00f3rico que vivimos\u2026 Por eso no es manipulable, ni su voto es clientelar para quienes no reconocen su esfuerzo de tener un estatus social producto de su esfuerzo y dedicaci\u00f3n\u2026 Pero en el PRI quien, quienes est\u00e1n hablando de esto, porque hoy por hoy, la fuerza real del partido tiene que centrarse en las clases medias; porque las clases pobres, en los hechos, le han dado la espalda al PRI, no porque sus dirigencias pol\u00edticas sean ineficientes e ineficaces, no, sino porque el Partido no tiene el dinero que se derrama desde el poder presidencial, cual voto cautivo y por ello lo fue, y es ahora mismo para el Presidente AMLO y Morena.<\/span><\/p>\n<p class=\"p1\"><span style=\"font-size: 14pt;\">En la crisis de entendimiento por el que atraviesa el PRI, \u00bfqu\u00e9 duda puede haber de que los ex \u2013 presidentes pol\u00edtico partidistas cuentan con una amplia experiencia personal y de equipo pol\u00edtico para comprometerse con las decisiones y acuerdos que se tomen en corresponsabilidad con el presidente del CEN del PRI, Alejandro Moreno?.<\/span><\/p>\n<p class=\"p1\"><span style=\"font-size: 14pt;\">Direcci\u00f3n colegiada.- Es un trabajo donde se hace participar a los mejores miembros, expertos en torno a los asuntos m\u00e1s importantes para ejecutar acuerdos y decisiones alcanzados\u2026 Es en ese sentido, que los aciertos y las equivocaciones son tanto y ata\u00f1en a los miembros del orden colegiado\u2026 Un orden colegiado est\u00e1 compuesto por una pluralidad de personas, que, para adoptar acuerdos v\u00e1lidos, es preciso que se ajuste a normas generales de funcionamiento\u2026 Es la instituci\u00f3n que se construye por un grupo de personalidades, que para el caso representan parte importante en la vida pol\u00edtica del PRI, de su historia, pues la presidieron\u2026 Es un instrumento colectivo y su objetivo es tomar decisiones democr\u00e1ticas, ya sea por unanimidad o por mayor\u00eda con relaci\u00f3n al hacer y quehacer de la pol\u00edtica partidista\u2026 A la cabeza de este orden colegiado se encuentra su presidente, quien debe asegurarse de regular las deliberaciones, as\u00ed como la ejecuci\u00f3n de los acuerdos.<\/span><\/p>\n<p class=\"p1\"><span style=\"font-size: 14pt;\">Legitimidad pol\u00edtica .- Esta se obtiene cumpliendo con una serie de normativas y procedimientos que dotan de autoridad el mando y la gesti\u00f3n dentro de una organizaci\u00f3n pol\u00edtica.<\/span><\/p>\n<p class=\"p1\"><span style=\"font-size: 14pt;\">Implosi\u00f3n pol\u00edtica.- En el lenguaje coloquial puede decirse que una implosi\u00f3n es una especie de explosi\u00f3n hacia dentro; es decir, el elemento que implota se derrumba sobre s\u00ed mismo por una fuerza externa.<\/span><\/p>\n<p class=\"p1\"><span style=\"font-size: 14pt;\">La crisis de legitimaci\u00f3n pol\u00edtica se refiere a una p\u00e9rdida de confianza en las funciones tanto administrativas como en la instituci\u00f3n, o en el liderazgo\u2026 Si bien, la legitimidad jur\u00eddica se refiere a la ley, la legitimidad pol\u00edtica se refiere al ejercicio del poder.<\/span><\/p>\n<p class=\"p1\"><span style=\"font-size: 14pt;\">Los dos a\u00f1os siguientes ser\u00e1n de hacer pol\u00edtica y m\u00e1s pol\u00edtica, parafraseando a Salinas de Gortari\u2026 Su antecedente es el destape de los 3 m\u00e1s uno precandidatos del presidente de la Rep\u00fablica para el 2024\/2030: Claudia Sheinbaum, Marcelo Ebrard, Ad\u00e1n Augusto L\u00f3pez y Ricardo Monreal\u2026 En el 2023 se elegir\u00e1 a dos nuevos gobernantes estatales: Coahuila y el Estado de M\u00e9xico\u2026 En el 2024 si no hay modificaciones, a las iniciativas de reforma electoral del Presidente AMLO, se elegir\u00e1n 500 diputados federales, 9 gubernaturas, 27 congresos locales y 1580 ayuntamientos\u2026 Como podemos observar de aqu\u00ed pa\u00b4l real hay que hacer pol\u00edtica, mucha pol\u00edtica.<\/span><\/p>\n<p>&nbsp;<\/p>\n<p class=\"p1\"><span style=\"font-size: 18pt;\"><b>P\u00c9RDIDAS <\/b><\/span><\/p>\n<p class=\"p1\"><span style=\"font-size: 14pt;\">En t\u00e9rminos de la l\u00f3gica pol\u00edtica, el dilema en el que atraviesa el PRI para enfrentar la contienda electoral al comento, es que en los hechos quien tiene el poder y la responsabilidad de su direcci\u00f3n, tiene el poder en t\u00e9rminos institucionales, la gan\u00f3, lo eligieron, pero se ha vaciado de legitimidad pol\u00edtica (Alito Moreno), que en el curso de las elecciones futuras, se habr\u00e1 de deslegitimar socialmente\u2026 Alito, est\u00e1 obnubilado en la presidencia del CEN del PRI; sufre una p\u00e9rdida pasajera del entendimiento y de la capacidad de razonar o darse cuenta con claridad de los asuntos del PRI; pero quienes piden su renuncia, no alcanza su entendimiento pol\u00edtico de que nada ayuda romper todo, cual implosi\u00f3n pol\u00edtica, que al final el m\u00e1s beneficiado ser\u00e1 el Presidente de la Rep\u00fablica y su partido Morena, que incansablemente denostan al presidente nacional del PRI y al mismo Partido en la b\u00fasqueda constante para su desaparici\u00f3n\u2026 Es por ello que debiera reconocer que la soluci\u00f3n a la crisis pol\u00edtica que vive el PRI, pudiera darse mediante una direcci\u00f3n colegiada incluyente hacia los expresidentes del PRI con Alito.<\/span><\/p>\n<p class=\"p1\"><span style=\"font-size: 14pt;\">Los expresidentes del PRI no traen en sus pensamientos ser alguno de ellos el candidato presidencial del partido o de la alianza PRI, PAN, PRD\u2026 Quiz\u00e1 Alito s\u00ed, tal vez\u2026 Ahora bien, e insisto, \u00bfhay alguna duda de la capacidad pol\u00edtica y experiencia en el mismo sentido de Roberto Madrazo, Manlio Fabio Beltrones, Cesar Camacho, Humberto Roque, Pedro Joaqu\u00edn Coldwell, Beatriz Paredes, Claudia Ruiz Massieu?&#8230; El PRI necesita mandar se\u00f1ales de unidad pol\u00edtica, de hacer pol\u00edtica, mucha pol\u00edtica, prudente, sensata para reorientar su rumbo, con sabidur\u00eda y experiencia; de ah\u00ed la necesidad de vincular directamente e impostergable, a los expresidentes mediando una conducci\u00f3n colegiada.<\/span><\/p>\n<p class=\"p1\"><span style=\"font-size: 14pt;\">A Alito Moreno, el Presidente AMLO lo trae agarrado de la cola y no lo suelta, lo ve chiquito y deslegitimado como l\u00edder pol\u00edtico, en los hechos, no en lo formal\u2026 Pero la pensar\u00eda mas de una vez para seguir atacando al PRI, si este conforma un grupo directivo de mando y comando con la sapiencia y compromiso de echarse para adelante, como lo vienen manifestando los expresidentes pri\u00edstas.<\/span><\/p>\n<p class=\"p1\"><span style=\"font-size: 14pt;\">La comparativa es muy simple y de cuidado para el Presidente L\u00f3pez Obrador\u2026 Los 3 m\u00e1s uno referenciados, los tipificados como corcholatas, a ninguno de ellos les alcanza su capacidad y experiencia pol\u00edtica de la que poseen los expresidentes del PRI, en comento\u2026 A partir de ello, rumbo al 2023 y 2024 la narrativa presidencial de un d\u00eda y otro tambi\u00e9n, seguramente habr\u00eda de compartirse con el espacio propio que desde el PRI nacional, en sus an\u00e1lisis de las circunstancias socio-econ\u00f3micas y pol\u00edticas prevalecientes en todo el territorio, hagan, igualmente un d\u00eda y otro tambi\u00e9n como nota de inter\u00e9s p\u00fablico; voz en coro de parlamento pol\u00edtico partidista que a tono, seguramente lo escucharan muy de acuerdo millones de compatriotas.<\/span><\/p>\n<p class=\"p1\"><span style=\"font-size: 14pt;\">Insistir en despreciar al PRI, cuando en los hechos representa una alternativa para corregir el rumbo del pa\u00eds, no le conviene a la democracia mexicana, no le conviene a la clase media esencialmente\u2026 Desde las clases medias, la media baja, media media, y la alta, ser\u00eda un error hist\u00f3rico pol\u00edtico apostar por su desaparici\u00f3n; los m\u00e1s afectados en su estatus social y econ\u00f3mico ser\u00e1n esas clases medias\u2026 El bipartidismo extremo de derecha y de izquierda ser\u00e1 nefasto para la sociedad mas importante en el desarrollo econ\u00f3mico, cultural, social en general, de la naci\u00f3n.<\/span><\/p>\n<p>&nbsp;<\/p>\n<p><span style=\"font-size: 18pt; color: #fa1e43;\"><em><strong>**Las columnas firmadas en este medio son responsabilidad de quienes las firman**<\/strong><\/em><\/span><\/p>\n<p class=\"p1\">\n<p>&nbsp;<\/p>\n","protected":false},"excerpt":{"rendered":"<p>&nbsp; Por Carlos O. Silva Bandala El Presidente del CEN del PRI es el dirigente del Partido\u2026 el PRI fue<\/p>\n","protected":false},"author":4,"featured_media":4127,"comment_status":"closed","ping_status":"closed","sticky":false,"template":"","format":"standard","meta":{"colormag_page_container_layout":"default_layout","colormag_page_sidebar_layout":"default_layout","_jetpack_memberships_contains_paid_content":false,"footnotes":"","jetpack_publicize_message":"","jetpack_publicize_feature_enabled":true,"jetpack_social_post_already_shared":false,"jetpack_social_options":{"image_generator_settings":{"template":"highway","default_image_id":0,"font":"","enabled":false},"version":2}},"categories":[6],"tags":[],"class_list":["post-5809","post","type-post","status-publish","format-standard","has-post-thumbnail","hentry","category-columnistas"],"jetpack_publicize_connections":[],"jetpack_featured_media_url":"https:\/\/noticiasveracruz.com\/wp-content\/uploads\/2022\/05\/2.png","jetpack_sharing_enabled":true,"publishpress_future_action":{"enabled":false,"date":"2026-05-07 16:26:14","action":"change-status","newStatus":"draft","terms":[],"taxonomy":"category","extraData":[]},"publishpress_future_workflow_manual_trigger":{"enabledWorkflows":[]},"_links":{"self":[{"href":"https:\/\/noticiasveracruz.com\/index.php\/wp-json\/wp\/v2\/posts\/5809","targetHints":{"allow":["GET"]}}],"collection":[{"href":"https:\/\/noticiasveracruz.com\/index.php\/wp-json\/wp\/v2\/posts"}],"about":[{"href":"https:\/\/noticiasveracruz.com\/index.php\/wp-json\/wp\/v2\/types\/post"}],"author":[{"embeddable":true,"href":"https:\/\/noticiasveracruz.com\/index.php\/wp-json\/wp\/v2\/users\/4"}],"replies":[{"embeddable":true,"href":"https:\/\/noticiasveracruz.com\/index.php\/wp-json\/wp\/v2\/comments?post=5809"}],"version-history":[{"count":0,"href":"https:\/\/noticiasveracruz.com\/index.php\/wp-json\/wp\/v2\/posts\/5809\/revisions"}],"wp:featuredmedia":[{"embeddable":true,"href":"https:\/\/noticiasveracruz.com\/index.php\/wp-json\/wp\/v2\/media\/4127"}],"wp:attachment":[{"href":"https:\/\/noticiasveracruz.com\/index.php\/wp-json\/wp\/v2\/media?parent=5809"}],"wp:term":[{"taxonomy":"category","embeddable":true,"href":"https:\/\/noticiasveracruz.com\/index.php\/wp-json\/wp\/v2\/categories?post=5809"},{"taxonomy":"post_tag","embeddable":true,"href":"https:\/\/noticiasveracruz.com\/index.php\/wp-json\/wp\/v2\/tags?post=5809"}],"curies":[{"name":"wp","href":"https:\/\/api.w.org\/{rel}","templated":true}]}}