{"id":5800,"date":"2022-07-04T00:56:52","date_gmt":"2022-07-04T05:56:52","guid":{"rendered":"https:\/\/noticiasveracruz.com\/?p=5800"},"modified":"2022-07-04T00:57:10","modified_gmt":"2022-07-04T05:57:10","slug":"nahle-cazarin-y-zenyazen","status":"publish","type":"post","link":"https:\/\/noticiasveracruz.com\/index.php\/2022\/07\/04\/nahle-cazarin-y-zenyazen\/","title":{"rendered":"Nahle, Cazar\u00edn y Zenyazen"},"content":{"rendered":"<p>&nbsp;<\/p>\n<p style=\"font-weight: 400;\"><span style=\"font-size: 18pt;\"><strong>Por Luis Ram\u00edrez Baqueiro<\/strong><\/span><\/p>\n<p>&nbsp;<\/p>\n<p style=\"font-weight: 400;\"><span style=\"font-size: 18pt;\"><strong><em>\u201cEspecular es el arte oficial del columnista; el mentir es del pol\u00edtico<\/em><em>\u201d <\/em><\/strong><\/span><\/p>\n<p style=\"font-weight: 400;\"><span style=\"font-size: 18pt;\">\u2013\u00a0Ricardo Ch\u00faa Agama &#8211; Reportero<\/span><\/p>\n<p style=\"font-weight: 400;\"><span style=\"font-size: 14pt;\">\u00a0<\/span><\/p>\n<p style=\"font-weight: 400;\"><span style=\"font-size: 14pt;\">Muchas y muchos veracruzanos a lo largo de los \u00faltimos cuatro a\u00f1os de administraci\u00f3n transformadora de la 4T, han especulado respecto a cu\u00e1l ser\u00e1 el futuro de la entidad.<\/span><\/p>\n<p style=\"font-weight: 400;\"><span style=\"font-size: 14pt;\">\u00bfQui\u00e9n ganar\u00eda en un posible escenario electoral en 2024?<\/span><\/p>\n<p style=\"font-weight: 400;\"><span style=\"font-size: 14pt;\">La realidad es que ser\u00eda Morena, al menos as\u00ed lo confirman y lo demuestran las encuestas y las mediciones serias; las razones, a pesar de los miles de errores ocurridos a lo largo de los a\u00f1os recientes son muy simples.<\/span><\/p>\n<p style=\"font-weight: 400;\"><span style=\"font-size: 14pt;\">El partido del presidente Andr\u00e9s Manuel L\u00f3pez Obrador, tiene el control del presupuesto y de su arma m\u00e1s poderosa, los Programas del Bienestar \u2013instrumento pol\u00edtico infalible- aunado del control territorial v\u00eda las fuerzas armadas.<\/span><\/p>\n<p style=\"font-weight: 400;\"><span style=\"font-size: 14pt;\">La otra realidad es simple tambi\u00e9n, la \u201coposici\u00f3n\u201d est\u00e1 literalmente desfragmentada, sin fuerza, sin discurso, mucho m\u00e1s preocupante, sin personajes que garanticen un posible arrastre, son menos que nada, de cara a la que servir\u00eda como la posible administraci\u00f3n de la consolidaci\u00f3n del Proyecto Transformador.<\/span><\/p>\n<p style=\"font-weight: 400;\"><span style=\"font-size: 14pt;\">Este fin de semana, ocurrieron varios hechos que confirman el rumbo que habr\u00e1n de tomar las cosas en materia pol\u00edtica en Veracruz y en el pa\u00eds.<\/span><\/p>\n<p style=\"font-weight: 400;\"><span style=\"font-size: 14pt;\">Pues la inauguraci\u00f3n de la Refiner\u00eda Olmeca \u2013antes Dos Bocas- fue el escenario propicio para que el presidente Andr\u00e9s Manuel L\u00f3pez Obrador, celebrar\u00e1 por todo lo alto el 4\u00b0 Aniversario de su triunfo avasallador del 2018.<\/span><\/p>\n<p style=\"font-weight: 400;\"><span style=\"font-size: 14pt;\">Ah\u00ed desde Para\u00edso, Tabasco envi\u00f3 un mensaje muy claro, la pichada de sucesi\u00f3n va por donde camine Claudia Sheibaum, el rostro adusto de Ad\u00e1n Augusto L\u00f3pez, secretario de Gobernaci\u00f3n hizo muy evidente el hecho.<\/span><\/p>\n<p style=\"font-weight: 400;\"><span style=\"font-size: 14pt;\">As\u00ed pues, la apuesta realizada desde el principio por Cuitl\u00e1huac Garc\u00eda Jim\u00e9nez le habr\u00e1n de garantizar una posible salida digna a su administraci\u00f3n, evidenciando tambi\u00e9n que el Ingeniero Mec\u00e1nico El\u00e9ctrico ha aprendido a jugar los escenarios de perversi\u00f3n que se requieren en la pol\u00edtica.<\/span><\/p>\n<p style=\"font-weight: 400;\"><span style=\"font-size: 14pt;\">El destape abierto y en alta del presidente de la Junta de Coordinaci\u00f3n Pol\u00edtica (Jucopo), Juan Javier G\u00f3mez Cazar\u00edn a favor de la senadora con licencia y secretar\u00eda de Energ\u00eda, Roc\u00edo Nahle Garc\u00eda es la confirmaci\u00f3n del plan trazado por el mismo Gobernador Cuitl\u00e1huac Garc\u00eda Jim\u00e9nez.<\/span><\/p>\n<p style=\"font-weight: 400;\"><span style=\"font-size: 14pt;\">Detr\u00e1s de ese pronunciamiento, realizado en un encuentro con integrantes del Grupo de Los 10 que encabeza el periodista Sergio Gonz\u00e1lez Levet, tiene tambi\u00e9n su sentido, y su l\u00f3gica.<\/span><\/p>\n<p style=\"font-weight: 400;\"><span style=\"font-size: 14pt;\">El trato diferenciado emprendido a lo largo de la administraci\u00f3n de la 4T a los periodistas y la reciente apertura de un sector pol\u00edtico muy identificado con el mismo Cuitl\u00e1huac Garc\u00eda, es la muestra evidente, de ese plan trazado por el catedr\u00e1tico universitario.<\/span><\/p>\n<p style=\"font-weight: 400;\"><span style=\"font-size: 14pt;\">No emple\u00f3, a la prensa de siempre, empleo a los que manten\u00eda identificados con anteriores administraciones, lo que evidencia, que ya entendieron que informar es gobernar y viceversa.<\/span><\/p>\n<p style=\"font-weight: 400;\"><span style=\"font-size: 14pt;\">As\u00ed la posibilidad de que los integrantes de la administraci\u00f3n cuitl\u00e1huista alcancen esca\u00f1os senatoriales o legislativos abre la baraja, al menos a un par de personajes plenamente identificados con el mismo Garc\u00eda Jim\u00e9nez.<\/span><\/p>\n<p style=\"font-weight: 400;\"><span style=\"font-size: 14pt;\">Por lo pronto Zenyazen Escobar Garc\u00eda, tiene un espacio amarrado, su desempe\u00f1o en la Secretar\u00eda de Educaci\u00f3n de Veracruz, le abri\u00f3 el camino para llegar inclusive al mismo gabinete federal, o alguna representaci\u00f3n por la entidad en materia legislativa, podr\u00eda regresar como el presidente de la Jucopo en el Congreso de Veracruz.<\/span><\/p>\n<p style=\"font-weight: 400;\"><span style=\"font-size: 14pt;\">A Cazar\u00edn le pudiera esperar tambi\u00e9n un escenario importante, pues de ser \u00e9l, el principal operador electoral para la campa\u00f1a que se avecina, lo m\u00e1s seguro es que llegue a ocupar la segunda posici\u00f3n dentro del Gabinete Estatal, pero lo cierto, es que eso depender\u00e1 del acuerdo al que hayan llegado; pues tambi\u00e9n se sabe que sus habilidades legislativas est\u00e1n siendo muy valoradas por el mismo presidente L\u00f3pez Obrador para llevarlo al Senado, sabedor, que lo que hay es tiempo para construir una posible candidatura en el 2030.<\/span><\/p>\n<p>&nbsp;<\/p>\n<p class=\"p1\"><span style=\"font-size: 18pt;\"><strong>Al tiempo.<\/strong><\/span><\/p>\n<p>&nbsp;<\/p>\n<p class=\"p1\"><span style=\"font-size: 18pt;\"><strong><span class=\"s1\">Correo: <a href=\"mailto:astrolabiopoliticomx@gmail.com\">astrolabiopoliticomx@gmail.com<\/a><\/span><\/strong><\/span><\/p>\n<p class=\"p1\"><span style=\"font-size: 18pt;\"><strong>Twitter: <a href=\"http:\/\/www.twitter.com\/LuisBaqueiro_mx\">@LuisBaqueiro_mx<\/a><\/strong><\/span><\/p>\n<p>&nbsp;<\/p>\n<p><span style=\"font-size: 18pt; color: #fa1e43;\"><em><strong>**Las columnas firmadas en este medio son responsabilidad de quienes las firman**<\/strong><\/em><\/span><\/p>\n<p>&nbsp;<\/p>\n<p>&nbsp;<\/p>\n<p>&nbsp;<\/p>\n<p>&nbsp;<\/p>\n","protected":false},"excerpt":{"rendered":"<p>&nbsp; Por Luis Ram\u00edrez Baqueiro &nbsp; \u201cEspecular es el arte oficial del columnista; el mentir es del pol\u00edtico\u201d \u2013\u00a0Ricardo Ch\u00faa<\/p>\n","protected":false},"author":4,"featured_media":3572,"comment_status":"closed","ping_status":"closed","sticky":false,"template":"","format":"standard","meta":{"colormag_page_container_layout":"default_layout","colormag_page_sidebar_layout":"default_layout","_jetpack_memberships_contains_paid_content":false,"footnotes":"","jetpack_publicize_message":"","jetpack_publicize_feature_enabled":true,"jetpack_social_post_already_shared":false,"jetpack_social_options":{"image_generator_settings":{"template":"highway","default_image_id":0,"font":"","enabled":false},"version":2}},"categories":[6],"tags":[],"class_list":["post-5800","post","type-post","status-publish","format-standard","has-post-thumbnail","hentry","category-columnistas"],"jetpack_publicize_connections":[],"jetpack_featured_media_url":"https:\/\/noticiasveracruz.com\/wp-content\/uploads\/2022\/04\/LUIS-RAMI\u0301REZ-BAQUEIRO.png","jetpack_sharing_enabled":true,"publishpress_future_action":{"enabled":false,"date":"2026-05-07 18:09:34","action":"change-status","newStatus":"draft","terms":[],"taxonomy":"category","extraData":[]},"publishpress_future_workflow_manual_trigger":{"enabledWorkflows":[]},"_links":{"self":[{"href":"https:\/\/noticiasveracruz.com\/index.php\/wp-json\/wp\/v2\/posts\/5800","targetHints":{"allow":["GET"]}}],"collection":[{"href":"https:\/\/noticiasveracruz.com\/index.php\/wp-json\/wp\/v2\/posts"}],"about":[{"href":"https:\/\/noticiasveracruz.com\/index.php\/wp-json\/wp\/v2\/types\/post"}],"author":[{"embeddable":true,"href":"https:\/\/noticiasveracruz.com\/index.php\/wp-json\/wp\/v2\/users\/4"}],"replies":[{"embeddable":true,"href":"https:\/\/noticiasveracruz.com\/index.php\/wp-json\/wp\/v2\/comments?post=5800"}],"version-history":[{"count":0,"href":"https:\/\/noticiasveracruz.com\/index.php\/wp-json\/wp\/v2\/posts\/5800\/revisions"}],"wp:featuredmedia":[{"embeddable":true,"href":"https:\/\/noticiasveracruz.com\/index.php\/wp-json\/wp\/v2\/media\/3572"}],"wp:attachment":[{"href":"https:\/\/noticiasveracruz.com\/index.php\/wp-json\/wp\/v2\/media?parent=5800"}],"wp:term":[{"taxonomy":"category","embeddable":true,"href":"https:\/\/noticiasveracruz.com\/index.php\/wp-json\/wp\/v2\/categories?post=5800"},{"taxonomy":"post_tag","embeddable":true,"href":"https:\/\/noticiasveracruz.com\/index.php\/wp-json\/wp\/v2\/tags?post=5800"}],"curies":[{"name":"wp","href":"https:\/\/api.w.org\/{rel}","templated":true}]}}