{"id":5795,"date":"2022-07-04T00:46:14","date_gmt":"2022-07-04T05:46:14","guid":{"rendered":"https:\/\/noticiasveracruz.com\/?p=5795"},"modified":"2022-07-04T00:46:14","modified_gmt":"2022-07-04T05:46:14","slug":"falacia-y-cinismo","status":"publish","type":"post","link":"https:\/\/noticiasveracruz.com\/index.php\/2022\/07\/04\/falacia-y-cinismo\/","title":{"rendered":"Falacia y cinismo"},"content":{"rendered":"<p>&nbsp;<\/p>\n<p class=\"p1\"><span style=\"font-size: 18pt;\"><b>Por Dra. Zaida Alicia Llad\u00f3 Castillo<\/b><\/span><\/p>\n<p class=\"p1\"><span style=\"font-size: 14pt;\">La verdad y las mentiras circulan desde que el mundo es mundo, no son exclusivas de la actualidad, y menos en el medio pol\u00edtico. Pero, hay que distinguir que el mundo que hoy nos ha tocado vivir de mucha competencia econ\u00f3mica, social y pol\u00edtica \u2013 en el mayor de los casos desleal-, ha hecho que proliferen individuos que, con tal de conseguir sus objetivos, se envilezcan, corrompan, prostituyan y usen las m\u00e1s perversas argucias para lograr sus planes y se perfeccionen en el arte de atraer a los dem\u00e1s. De ah\u00ed que surjan los individuos falaces. <\/span><\/p>\n<p class=\"p1\"><span style=\"font-size: 14pt;\">Pero \u00bfqu\u00e9 es una falacia?, es un argumento con la apariencia de razonamiento correcto pero que en esencia no es v\u00e1lido o es totalmente incorrecto o falso. Las personas que acostumbran a hablar con falacias, dado que est\u00e1n conscientes de que sus razonamientos son enga\u00f1osos y\/o err\u00f3neos, se especializan en el arte de la persuasi\u00f3n o la manipulaci\u00f3n, para hacer que sus mentiras errores e incorrecciones puedan llegar a ser convincentes. <\/span><\/p>\n<p class=\"p1\"><span style=\"font-size: 14pt;\">La personalidad de un individuo falaz es muy espec\u00edfica, pero se podr\u00eda resumir en los siguientes rasgos:<\/span><\/p>\n<ol class=\"ol1\">\n<li class=\"li1\"><span style=\"font-size: 14pt;\">Com\u00fanmente son personas que no se ajustan a las reglas o al orden social (o pol\u00edtico) preestablecido. Son personas que vivieron en ambientes muy represores (castigos, violencia) o demasiado permisibles (les dejaron hacer de todo), pero en el fondo carecieron de la ense\u00f1anza de valores \u00e9ticos en el actuar. Por lo tanto, frente a lo impuesto, aprendieron a eludir los l\u00edmites a trav\u00e9s del enga\u00f1o o la mentira. <\/span><\/li>\n<li class=\"li1\"><span style=\"font-size: 14pt;\">Se especializan en el arte de la persuasi\u00f3n. Su tendencia es buscar convencer, a como d\u00e9 lugar. Al no tener argumentos ciertos, recurren a los argumentos falsos o a toda informaci\u00f3n que le sea \u00fatil para sus fines, aunque sea carente de validez o sea err\u00f3nea. Se especializan en el discurso falso preparando con mucha habilidad lo que las personas quieren o\u00edr. <\/span><\/li>\n<li class=\"li1\"><span style=\"font-size: 14pt;\">Tienden a percibir solo los defectos en las cosas y personas, y a generalizar esa condici\u00f3n en los dem\u00e1s. Tienden a prejuzgar a los dem\u00e1s, midiendo con la misma vara a todos quienes les critican o no satisfacen sus expectativas. <\/span><\/li>\n<li class=\"li1\"><span style=\"font-size: 14pt;\">No buscan investigar m\u00e1s para que sus afirmaciones est\u00e9n mejor fundamentadas. No se preocupan de fundamentar sus comentarios, argumentos o propuestas, poseen pereza mental o delegan la b\u00fasqueda de la informaci\u00f3n en otros, y si los datos que les aportan no son los que ellos esperan, tienden a descalificar o a desecharlos, por no concordar con lo quieren o\u00edr. <\/span><\/li>\n<li class=\"li1\"><span style=\"font-size: 14pt;\">Caen en el orden de la personalidad del \u201cc\u00ednico\u201d (egocentrismo). No les preocupa que les sean descubiertas sus falsedades o errores, en ocasiones las defienden o simplemente no les interesa reconocer que est\u00e1n equivocados, por el contrario, eluden a quienes les reprende y son persistentes en su empe\u00f1o de persuadir, hasta que caiga alguien en su red. Una persona con esas caracter\u00edsticas tiende al egocentrismo, lo que hace que no le cueste trabajo fingir que se preocupa por los dem\u00e1s, como tampoco les preocupa romper con esa ilusi\u00f3n, actuando sin ning\u00fan remordimiento o verg\u00fcenza, aunque con ello lastime, decepcione o da\u00f1e a los dem\u00e1s. <\/span><\/li>\n<li class=\"li1\"><span style=\"font-size: 14pt;\">Poseen una perspectiva pesimista de la realidad. Su perspectiva de la vida, de los hechos, de los individuos o grupos, es de que todos son malos (ricos, intelectuales, opositores) y no merecen respeto porque se salen del canon en que el falaz los mide. En el fondo esa personalidad evidencia un alto grado de desconfianza e inseguridad.<\/span><\/li>\n<li class=\"li1\"><span style=\"font-size: 14pt;\">Cuando percibe superioridad en otros, tiende a acortar esa ventaja. A trav\u00e9s de falacias o argumentos lesivos tiende a descalificar o a ignorar los argumentos de quienes consideran adversarios, por lo que esa visi\u00f3n le hace estar en constante competencia hacia todo aquel o aquello que le represente riesgo o rivalidad para con su persona o proyecto. <\/span><\/li>\n<li class=\"li1\"><span style=\"font-size: 14pt;\">Se rodean de personas (receptores) con ciertas caracter\u00edsticas. Mucho tiene que ver- el que se le refuercen las conductas negativas al individuo falaz-, tener una audiencia manejable. Algunos estudios sobre los rasgos de personalidad del receptor le describen como:<span class=\"Apple-converted-space\">\u00a0 <\/span>ingenuo, carente de informaci\u00f3n (ignorante en temas), baja necesidad de cognici\u00f3n (o de conocimientos y nivel de consciencia), y carga alta de resentimientos porque el receptor tiende a identificarse y proyectarse con el individuo falaz. Cuando esa condici\u00f3n se da en los grupos o las masas, es el espacio propicio para ser susceptibles de manipulaci\u00f3n o persuasi\u00f3n. <\/span><\/li>\n<\/ol>\n<p class=\"p1\"><span style=\"font-size: 14pt;\">Bueno, pues el hacer esta radiograf\u00eda de la falacia, nos permite poder entender a un personaje que, con ese claro perfil, lamentablemente ostenta el cargo de Presidente de la Rep\u00fablica Mexicana, cuya sola embestidura particularmente, siempre me ha merecido respeto. Pero hoy las cosas han cambiado. <\/span><\/p>\n<p class=\"p1\"><span style=\"font-size: 14pt;\">Y es que mucho ya se ha hablado de su perfil psicol\u00f3gico, pero pocos se atreven a difundirlo o debatirlo y creo que, por el bien de todos, son tiempos ya de dejar perfectamente claro, que, un individuo as\u00ed -quien sea-, y m\u00e1s con poder en extremo es, no solo peligroso para una comunidad, sino para el mundo mismo. La historia de la humanidad est\u00e1 llena de p\u00e1ginas tristes y negras en donde los protagonistas fueron l\u00edderes sociales y pol\u00edticos falaces, ego\u00edstas, egoc\u00e9ntricos. Psic\u00f3patas que se convirtieron en tiranos y represores de sus iguales y que no pagaron ni con su muerte, el da\u00f1o tan grande que le hicieron a sus pueblos y a la humanidad en su conjunto. <\/span><\/p>\n<p class=\"p1\"><span style=\"font-size: 14pt;\">Hoy ya se est\u00e1 haciendo h\u00e1bito el hablar del perfil del presidente, lo describen frecuentemente como un enfermo, psic\u00f3pata y con graves rasgos de desquiciamiento. Y hay sobradas razones para pensarlo y afirmarlo, y es l\u00f3gico porque conforme la presi\u00f3n oficial y pol\u00edtica aumenta, la ansiedad se vuelve cr\u00f3nica. Sin duda ya est\u00e1 preparando la siguiente etapa, y debe llevar su sello. Pero, me aventuro a dar un pron\u00f3stico, entendiendo como act\u00faan los falaces: no dudo que podr\u00eda pedir permiso a la presidencia -el pr\u00f3ximo a\u00f1o-, para irse como candidato al Senado y con ello hacer campa\u00f1a y estar de nuevo en las boletas electorales. Todo puede acontecer. <\/span><\/p>\n<p class=\"p1\"><span style=\"font-size: 14pt;\">Pero \u00bfQui\u00e9n lo suplir\u00eda? Aun con todas las corcholatas descubiertas-, su mente ya ubica su relevo y quiz\u00e1s a\u00fan, nos llevemos muchas sorpresas. Pero su personalidad desconfiada, insegura y falaz y su forma de tomar decisiones, que no la va a cambiar, le llevar\u00e1 de nuevo a buscar los reflectores y a sacar un As de la manga, para seguir dici\u00e9ndole a todos, propios y extra\u00f1os: \u201ctengan para que aprendan\u201d<\/span><\/p>\n<p class=\"p1\"><span style=\"font-size: 14pt;\">\u2026Pero, hoy son otros momentos, e independientemente de la decisi\u00f3n que se tome desde el poder central\u2026 lo importante es, lo que hoy le consta, perciba y diga la sociedad mexicana de los resultados de este gobierno, misma que habr\u00e1 de hacer un juicio sumario en su momento y \u2026no creo, sinceramente, se deje llevar nuevamente por la falacia.<span class=\"Apple-converted-space\">\u00a0 <\/span>Gracias y hasta la pr\u00f3xima. <\/span><\/p>\n<p>&nbsp;<\/p>\n<p><span style=\"font-size: 18pt; color: #fa1e43;\"><em><strong>**Las columnas firmadas en este medio son responsabilidad de quienes las firman**<\/strong><\/em><\/span><\/p>\n<p>&nbsp;<\/p>\n","protected":false},"excerpt":{"rendered":"<p>&nbsp; Por Dra. Zaida Alicia Llad\u00f3 Castillo La verdad y las mentiras circulan desde que el mundo es mundo, no<\/p>\n","protected":false},"author":4,"featured_media":3563,"comment_status":"closed","ping_status":"closed","sticky":false,"template":"","format":"standard","meta":{"colormag_page_container_layout":"default_layout","colormag_page_sidebar_layout":"default_layout","_jetpack_memberships_contains_paid_content":false,"footnotes":"","jetpack_publicize_message":"","jetpack_publicize_feature_enabled":true,"jetpack_social_post_already_shared":false,"jetpack_social_options":{"image_generator_settings":{"template":"highway","default_image_id":0,"font":"","enabled":false},"version":2}},"categories":[6],"tags":[],"class_list":["post-5795","post","type-post","status-publish","format-standard","has-post-thumbnail","hentry","category-columnistas"],"jetpack_publicize_connections":[],"jetpack_featured_media_url":"https:\/\/noticiasveracruz.com\/wp-content\/uploads\/2022\/04\/DRA.-ZAIDA.png","jetpack_sharing_enabled":true,"publishpress_future_action":{"enabled":false,"date":"2026-05-07 19:42:48","action":"change-status","newStatus":"draft","terms":[],"taxonomy":"category","extraData":[]},"publishpress_future_workflow_manual_trigger":{"enabledWorkflows":[]},"_links":{"self":[{"href":"https:\/\/noticiasveracruz.com\/index.php\/wp-json\/wp\/v2\/posts\/5795","targetHints":{"allow":["GET"]}}],"collection":[{"href":"https:\/\/noticiasveracruz.com\/index.php\/wp-json\/wp\/v2\/posts"}],"about":[{"href":"https:\/\/noticiasveracruz.com\/index.php\/wp-json\/wp\/v2\/types\/post"}],"author":[{"embeddable":true,"href":"https:\/\/noticiasveracruz.com\/index.php\/wp-json\/wp\/v2\/users\/4"}],"replies":[{"embeddable":true,"href":"https:\/\/noticiasveracruz.com\/index.php\/wp-json\/wp\/v2\/comments?post=5795"}],"version-history":[{"count":0,"href":"https:\/\/noticiasveracruz.com\/index.php\/wp-json\/wp\/v2\/posts\/5795\/revisions"}],"wp:featuredmedia":[{"embeddable":true,"href":"https:\/\/noticiasveracruz.com\/index.php\/wp-json\/wp\/v2\/media\/3563"}],"wp:attachment":[{"href":"https:\/\/noticiasveracruz.com\/index.php\/wp-json\/wp\/v2\/media?parent=5795"}],"wp:term":[{"taxonomy":"category","embeddable":true,"href":"https:\/\/noticiasveracruz.com\/index.php\/wp-json\/wp\/v2\/categories?post=5795"},{"taxonomy":"post_tag","embeddable":true,"href":"https:\/\/noticiasveracruz.com\/index.php\/wp-json\/wp\/v2\/tags?post=5795"}],"curies":[{"name":"wp","href":"https:\/\/api.w.org\/{rel}","templated":true}]}}