{"id":5792,"date":"2022-07-04T00:43:03","date_gmt":"2022-07-04T05:43:03","guid":{"rendered":"https:\/\/noticiasveracruz.com\/?p=5792"},"modified":"2022-07-04T00:43:22","modified_gmt":"2022-07-04T05:43:22","slug":"en-menos-de-2-anos","status":"publish","type":"post","link":"https:\/\/noticiasveracruz.com\/index.php\/2022\/07\/04\/en-menos-de-2-anos\/","title":{"rendered":"En menos de 2 a\u00f1os\u00a0"},"content":{"rendered":"<p>&nbsp;<\/p>\n<p class=\"p1\"><span style=\"font-size: 18pt;\"><b>Por Pepe Valencia<\/b><\/span><\/p>\n<p class=\"p1\"><span style=\"font-size: 14pt;\">No le busquen tres pies al gato. La candidatura presidencial de Morena se definir\u00e1 entre Claudia Sheinbaum y Ad\u00e1n Augusto L\u00f3pez<\/span><\/p>\n<p class=\"p1\"><span style=\"font-size: 14pt;\">Hern\u00e1ndez. Eventualmente podr\u00eda brincar la liebre por el lado de Marcelo Ebrard, aunque esta probabilidad se vislumbra remota.<\/span><\/p>\n<p class=\"p1\"><span style=\"font-size: 14pt;\">Las dem\u00e1s corcholatas son mero relleno. Ricardo Monreal est\u00e1 fuera del rejuego obradorista. Si bien le va, le ofrecer\u00e1n la candidatura por la Ciudad de M\u00e9xico y sanseacab\u00f3.<\/span><\/p>\n<p class=\"p1\"><span style=\"font-size: 14pt;\">En un segundo escenario, Movimiento Ciudadano postular\u00eda a Ebrard o Monreal en caso de decidirse uno o ambos a romper con Andr\u00e9s Manuel L\u00f3pez Obrador. \u00bfSe atrever\u00e1 alguno de ellos?<\/span><\/p>\n<p class=\"p1\"><span style=\"font-size: 14pt;\">No obstante que Dante Delgado ha reiterado que MC participar\u00e1 solo, existe la posibilidad de aliarse con PAN-PRI-PRD y entonces s\u00ed, los momios se emparejan.<\/span><\/p>\n<p class=\"p1\"><span style=\"font-size: 14pt;\">Quienes presumen de conocer a AMLO, opinan que terminar\u00e1 enga\u00f1ando con la verdad y en este tenor la tapada contin\u00faa siendo y ser\u00e1 Sheinbaum.<\/span><\/p>\n<p class=\"p1\"><span style=\"font-size: 14pt;\">Otros analistas serios ven, sin embargo,<span class=\"Apple-converted-space\">\u00a0 <\/span>en el secretario de Gobernaci\u00f3n al caballo negro de la carrera sucesoria.<\/span><\/p>\n<p class=\"p1\"><span style=\"font-size: 14pt;\">A principios de este a\u00f1o, en la portada de la revista An\u00e1lisis Pol\u00edtico, dirigida por Melit\u00f3n Morales Dom\u00ednguez, se public\u00f3 la primicia de que el candidato presidencial de Morena, ser\u00eda Ad\u00e1n Augusto L\u00f3pez Hern\u00e1ndez.<\/span><\/p>\n<p class=\"p1\"><span style=\"font-size: 14pt;\">Por la alianza opositora han levantado la mano Federico de la Madrid, hijo de expresidente, y Ricardo Anaya, excandidato presidencial, m\u00e1s los que se agreguen a la lista de aqu\u00ed en adelante. <\/span><\/p>\n<p class=\"p1\"><span style=\"font-size: 14pt;\">El propio senador Germ\u00e1n Mart\u00ednez C\u00e1zares ha insinuado que podr\u00eda entrarle a la disputa electoral.<\/span><\/p>\n<p class=\"p1\"><span style=\"font-size: 14pt;\">Con menores probabilidades de \u00e9xito se perfilan el gobernador de Jalisco, Enrique Alfaro, y Luis Donaldo Colosio, alcalde de Monterrey e hijo de excandidato presidencial.<\/span><\/p>\n<p class=\"p1\"><span style=\"font-size: 14pt;\">\u00bfHay alguien m\u00e1s agazapado por ah\u00ed?<\/span><\/p>\n<p class=\"p1\"><span style=\"font-size: 14pt;\">Para Veracruz, los punteros son Roc\u00edo Nahle Garc\u00eda y Sergio Guti\u00e9rrez Luna, de Morena. Los otros mencionados no pintan. El candidato a la gubernatura saldr\u00e1 de esta dupla.<\/span><\/p>\n<p class=\"p1\"><span style=\"font-size: 14pt;\">Por la coalici\u00f3n opositora trabajan ya desde endenantes los Yunes rojos y azules, Pepe, H\u00e9ctor, Miguel y Fernando, seguidos de cerca por Jul\u00e9n Rementer\u00eda y, ahora, Jos\u00e9 Manuel del R\u00edo Virgen.<\/span><\/p>\n<p class=\"p1\"><span style=\"font-size: 14pt;\">\u00bfUbican alguna mujer con los tama\u00f1os suficientes para competir rumbo a la gubernatura por estas siglas? Viene.<\/span><\/p>\n<p class=\"p1\"><span style=\"font-size: 14pt;\">Las elecciones se celebrar\u00e1n dentro de menos de dos a\u00f1os, el primer domingo de junio. Parecen lejanas. Est\u00e1n m\u00e1s pr\u00f3ximas de lo que se imaginan.<\/span><\/p>\n<p class=\"p1\"><span style=\"font-size: 14pt;\">Si en este momento fuesen las elecciones, \u00bfqu\u00e9 partido o coalici\u00f3n llevar\u00eda ventaja? \u00bfMorena y aliados? \u00bfPRI-PAN-PRD? \u00bfMovimiento Ciudadano? \u00bfOtros? Es cuanto.<\/span><\/p>\n<p>&nbsp;<\/p>\n<p><span style=\"font-size: 18pt; color: #fa1e43;\"><em><strong>**Las columnas firmadas en este medio son responsabilidad de quienes las firman**<\/strong><\/em><\/span><\/p>\n<p>&nbsp;<\/p>\n<p>&nbsp;<\/p>\n<p>&nbsp;<\/p>\n","protected":false},"excerpt":{"rendered":"<p>&nbsp; Por Pepe Valencia No le busquen tres pies al gato. La candidatura presidencial de Morena se definir\u00e1 entre Claudia<\/p>\n","protected":false},"author":4,"featured_media":3786,"comment_status":"closed","ping_status":"closed","sticky":false,"template":"","format":"standard","meta":{"colormag_page_container_layout":"default_layout","colormag_page_sidebar_layout":"default_layout","_jetpack_memberships_contains_paid_content":false,"footnotes":"","jetpack_publicize_message":"","jetpack_publicize_feature_enabled":true,"jetpack_social_post_already_shared":false,"jetpack_social_options":{"image_generator_settings":{"template":"highway","default_image_id":0,"font":"","enabled":false},"version":2}},"categories":[6],"tags":[],"class_list":["post-5792","post","type-post","status-publish","format-standard","has-post-thumbnail","hentry","category-columnistas"],"jetpack_publicize_connections":[],"jetpack_featured_media_url":"https:\/\/noticiasveracruz.com\/wp-content\/uploads\/2022\/05\/PEPE-VALENCIA.png","jetpack_sharing_enabled":true,"publishpress_future_action":{"enabled":false,"date":"2026-05-07 18:49:08","action":"change-status","newStatus":"draft","terms":[],"taxonomy":"category","extraData":[]},"publishpress_future_workflow_manual_trigger":{"enabledWorkflows":[]},"_links":{"self":[{"href":"https:\/\/noticiasveracruz.com\/index.php\/wp-json\/wp\/v2\/posts\/5792","targetHints":{"allow":["GET"]}}],"collection":[{"href":"https:\/\/noticiasveracruz.com\/index.php\/wp-json\/wp\/v2\/posts"}],"about":[{"href":"https:\/\/noticiasveracruz.com\/index.php\/wp-json\/wp\/v2\/types\/post"}],"author":[{"embeddable":true,"href":"https:\/\/noticiasveracruz.com\/index.php\/wp-json\/wp\/v2\/users\/4"}],"replies":[{"embeddable":true,"href":"https:\/\/noticiasveracruz.com\/index.php\/wp-json\/wp\/v2\/comments?post=5792"}],"version-history":[{"count":0,"href":"https:\/\/noticiasveracruz.com\/index.php\/wp-json\/wp\/v2\/posts\/5792\/revisions"}],"wp:featuredmedia":[{"embeddable":true,"href":"https:\/\/noticiasveracruz.com\/index.php\/wp-json\/wp\/v2\/media\/3786"}],"wp:attachment":[{"href":"https:\/\/noticiasveracruz.com\/index.php\/wp-json\/wp\/v2\/media?parent=5792"}],"wp:term":[{"taxonomy":"category","embeddable":true,"href":"https:\/\/noticiasveracruz.com\/index.php\/wp-json\/wp\/v2\/categories?post=5792"},{"taxonomy":"post_tag","embeddable":true,"href":"https:\/\/noticiasveracruz.com\/index.php\/wp-json\/wp\/v2\/tags?post=5792"}],"curies":[{"name":"wp","href":"https:\/\/api.w.org\/{rel}","templated":true}]}}