{"id":57909,"date":"2025-06-05T00:12:12","date_gmt":"2025-06-05T06:12:12","guid":{"rendered":"https:\/\/noticiasveracruz.com\/?p=57909"},"modified":"2025-06-04T21:36:56","modified_gmt":"2025-06-05T03:36:56","slug":"aumento-de-aranceles-afectara-inversiones-respaldadas-en-arrendamientos-fitch","status":"publish","type":"post","link":"https:\/\/noticiasveracruz.com\/index.php\/2025\/06\/05\/aumento-de-aranceles-afectara-inversiones-respaldadas-en-arrendamientos-fitch\/","title":{"rendered":"Aumento de aranceles afectar\u00e1 inversiones respaldadas en arrendamientos: Fitch"},"content":{"rendered":"<p class=\"nota-justify\">El aumento de aranceles de 25 a 50 por ciento que aplic\u00f3 Estados Unidos a M\u00e9xico afectar\u00e1 las inversiones en el mercado burs\u00e1til que tienen como garant\u00eda las utilidades que genera el arrendamiento de maquinaria, advirti\u00f3 la calificadora Fitch en un an\u00e1lisis.<\/p>\n<p class=\"nota-justify\">Explic\u00f3 que el aumento de los aranceles puede provocar interrupciones en la cadena de suministro de las empresas mexicanas y un incremento de costos que podr\u00eda llevarlas a pausar o reducir la producci\u00f3n, los gastos de capital y las inversiones en equipos.<\/p>\n<p class=\"nota-justify\">\u201cLos arrendatarios mexicanos de equipos que dependen del comercio transfronterizo podr\u00edan experimentar menores flujos de ingresos por una menor demanda y vol\u00famenes de fabricaci\u00f3n, lo que se traducir\u00eda en mayores tasas de morosidad e incumplimiento de los arrendamientos\u201d, agreg\u00f3 la instituci\u00f3n financiera.<\/p>\n<p class=\"nota-justify\">A su vez, Marcela Morales Flores, Daniel Jimenez y Sarah Repucci, especialistas de Fitch y autores del documento comentaron que \u201clos aranceles de Estados Unidos a las importaciones mexicanas generan riesgos comerciales que podr\u00edan afectar el sector de arrendamiento de equipos y el rendimiento de este sector\u201d.<\/p>\n<p class=\"nota-justify\">Hoy, la presidenta Claudia Sheinbaum, declar\u00f3 que el aumento de los aranceles al acero y aluminio es una medida \u201cinjusta, sin sustento legal e insostenible\u201d, y que la responsabilidad del gobierno y de los empresarios es proteger los empleos.\u00a0<a href=\"https:\/\/www.jornada.com.mx\/noticia\/2025\/06\/04\/politica\/tras-imposicion-de-aranceles-al-acero-nuestra-responsabilidad-es-proteger-empleos-sheinbaum\" target=\"_blank\" rel=\"noopener noreferrer\">https:\/\/www.jornada.com.mx\/noticia\/2025\/06\/04\/politica\/tras-imposicion-de-aranceles-al-acero-nuestra-responsabilidad-es-proteger-empleos-sheinbaum<\/a><\/p>\n<p class=\"nota-justify\">La presidenta sostuvo que su gobierno seguir\u00e1 pugnando por un acuerdo con el presidente de Estados Unidos, Donald Trump, y si no lo hay, la siguiente semana anunciar\u00e1 medidas de protecci\u00f3n a la industria y al empleo.<\/p>\n<p class=\"nota-justify\">En tanto, Fitch mencion\u00f3 que las cadenas de suministro consolidadas entre las industrias mexicanas y estadounidenses han prosperado bajo el Tratado entre Estados Unidos, M\u00e9xico y Canad\u00e1 (T-MEC) en ausencia de aranceles y que estas cadenas de suministro dependen en gran medida del sector del transporte, que, a su vez, depende del arrendamiento de equipos de transporte.<\/p>\n<p class=\"nota-justify\">Se\u00f1al\u00f3 que una contracci\u00f3n de la demanda de equipos industriales y de transporte podr\u00eda generar un exceso de oferta en el mercado secundario y disminuir los valores de recuperaci\u00f3n, lo que reducir\u00eda la liquidez de las inversiones respaldadas por los arrendamientos de maquinaria, tras un incumplimiento de arrendamiento.<\/p>\n<p class=\"nota-justify\">\u201cLa reducci\u00f3n de la actividad econ\u00f3mica debido a los aranceles podr\u00eda llevar a los deudores a no ejercer las opciones de compra, dejando a los arrendadores con activos improductivos\u201d, manifest\u00f3 la calificadora.<\/p>\n<p class=\"nota-justify\">Este escenario- agreg\u00f3- puede afectar los flujos de efectivo esperados lo que supone un riesgo para las inversiones.<\/p>\n","protected":false},"excerpt":{"rendered":"<p>El aumento de aranceles de 25 a 50 por ciento que aplic\u00f3 Estados Unidos a M\u00e9xico afectar\u00e1 las inversiones en el mercado burs\u00e1til que tienen como garant\u00eda las utilidades que genera el arrendamiento de maquinaria, advirti\u00f3 la calificadora Fitch en un an\u00e1lisis. Explic\u00f3 que el aumento de los aranceles puede provocar interrupciones en la cadena [&hellip;]<\/p>\n","protected":false},"author":4,"featured_media":57910,"comment_status":"closed","ping_status":"closed","sticky":false,"template":"","format":"standard","meta":{"_jetpack_newsletter_access":"","_jetpack_dont_email_post_to_subs":false,"_jetpack_newsletter_tier_id":0,"_jetpack_memberships_contains_paywalled_content":false,"_jetpack_feature_clip_id":0,"_jetpack_memberships_contains_paid_content":false,"footnotes":"","jetpack_publicize_message":"","jetpack_publicize_feature_enabled":true,"jetpack_social_post_already_shared":true,"jetpack_social_options":{"image_generator_settings":{"template":"highway","default_image_id":0,"font":"","enabled":false},"version":2},"jetpack_post_was_ever_published":false},"categories":[1947],"tags":[],"class_list":["post-57909","post","type-post","status-publish","format-standard","has-post-thumbnail","hentry","category-economia"],"jetpack_publicize_connections":[],"jetpack_sharing_enabled":true,"publishpress_future_action":{"enabled":false,"date":"2026-09-12 12:26:02","action":"change-status","newStatus":"draft","terms":[],"taxonomy":"category","extraData":[]},"publishpress_future_workflow_manual_trigger":{"enabledWorkflows":[]},"jetpack_featured_media_url":"https:\/\/noticiasveracruz.com\/wp-content\/uploads\/2025\/06\/FITCH.jpg","_links":{"self":[{"href":"https:\/\/noticiasveracruz.com\/index.php\/wp-json\/wp\/v2\/posts\/57909","targetHints":{"allow":["GET"]}}],"collection":[{"href":"https:\/\/noticiasveracruz.com\/index.php\/wp-json\/wp\/v2\/posts"}],"about":[{"href":"https:\/\/noticiasveracruz.com\/index.php\/wp-json\/wp\/v2\/types\/post"}],"author":[{"embeddable":true,"href":"https:\/\/noticiasveracruz.com\/index.php\/wp-json\/wp\/v2\/users\/4"}],"replies":[{"embeddable":true,"href":"https:\/\/noticiasveracruz.com\/index.php\/wp-json\/wp\/v2\/comments?post=57909"}],"version-history":[{"count":0,"href":"https:\/\/noticiasveracruz.com\/index.php\/wp-json\/wp\/v2\/posts\/57909\/revisions"}],"wp:featuredmedia":[{"embeddable":true,"href":"https:\/\/noticiasveracruz.com\/index.php\/wp-json\/wp\/v2\/media\/57910"}],"wp:attachment":[{"href":"https:\/\/noticiasveracruz.com\/index.php\/wp-json\/wp\/v2\/media?parent=57909"}],"wp:term":[{"taxonomy":"category","embeddable":true,"href":"https:\/\/noticiasveracruz.com\/index.php\/wp-json\/wp\/v2\/categories?post=57909"},{"taxonomy":"post_tag","embeddable":true,"href":"https:\/\/noticiasveracruz.com\/index.php\/wp-json\/wp\/v2\/tags?post=57909"}],"curies":[{"name":"wp","href":"https:\/\/api.w.org\/{rel}","templated":true}]}}