{"id":57876,"date":"2025-06-05T00:01:33","date_gmt":"2025-06-05T06:01:33","guid":{"rendered":"https:\/\/noticiasveracruz.com\/?p=57876"},"modified":"2025-06-04T21:12:00","modified_gmt":"2025-06-05T03:12:00","slug":"regidores-de-alamo-solicitan-juicio-politico-contra-la-alcaldesa-blanca-lilia-arrieta","status":"publish","type":"post","link":"https:\/\/noticiasveracruz.com\/index.php\/2025\/06\/05\/regidores-de-alamo-solicitan-juicio-politico-contra-la-alcaldesa-blanca-lilia-arrieta\/","title":{"rendered":"Regidores de \u00c1lamo solicitan juicio pol\u00edtico contra la alcaldesa Blanca Lilia Arrieta"},"content":{"rendered":"<p>Los diez regidores del Ayuntamiento de \u00c1lamo Temapache presentaron una solicitud de juicio pol\u00edtico ante el Congreso del Estado de Veracruz contra la presidenta municipal, Blanca Lilia Arrieta Pardo, por presuntas faltas graves en el ejercicio de sus funciones.<\/p>\n<p>La denuncia, ratificada el pasado 19 de mayo, fue turnada a las Comisiones Permanentes Unidas de Gobernaci\u00f3n y de Justicia y Puntos Constitucionales para su an\u00e1lisis, conforme a la Ley Org\u00e1nica del Municipio Libre y la Ley de Juicio Pol\u00edtico y Declaraci\u00f3n de Procedencia del Estado de Veracruz.<\/p>\n<p>En un comunicado firmado por los cuatro regidores y seis regidoras que integran el Cabildo, se advierte un \u201calarmante deterioro de la gobernabilidad\u201d, derivado de actos que consideran como abuso de poder, corrupci\u00f3n, violencia laboral y reiteradas omisiones legales por parte de la alcaldesa, militante del partido Morena.<\/p>\n<p>Entre los se\u00f1alamientos destacan las constantes salidas al extranjero de Arrieta Pardo \u2014al menos cinco ocasiones\u2014 sin autorizaci\u00f3n del Cabildo ni la designaci\u00f3n formal de un encargado del despacho, lo que, seg\u00fan los ediles, dej\u00f3 al gobierno local en una situaci\u00f3n de vac\u00edo de autoridad.<\/p>\n<p>Tambi\u00e9n se le acusa de firmar convenios con entidades extranjeras sin aprobaci\u00f3n del cuerpo edilicio ni del Congreso del Estado, acci\u00f3n que consideran violatoria del marco legal. A esto se suma la presunta obstaculizaci\u00f3n de las sesiones de Cabildo, ya sea por omisi\u00f3n o por convocatorias realizadas por personal sin facultades.<\/p>\n<p>Los regidores se\u00f1alaron que la alcaldesa ha promovido un ambiente de acoso y violencia laboral, principalmente hacia trabajadoras del Ayuntamiento, lo que afecta el desempe\u00f1o institucional. Adem\u00e1s, denunciaron que Asenet Castro Arrieta, hija de la edil y presidenta honoraria del DIF municipal, ha usurpado funciones al representar a la presidenta en actos oficiales y ejercer control sobre la Direcci\u00f3n de Desarrollo Social, sin facultades legales.<\/p>\n<p>Otro de los hechos denunciados ocurri\u00f3 en el contexto de la reciente Feria de la Naranja, cuando Arrieta Pardo habr\u00eda ordenado pagos sin autorizaci\u00f3n del Cabildo ni disponibilidad presupuestal. Ante la negativa del Tesorero Municipal, la alcaldesa exigi\u00f3 su renuncia y, posteriormente, ces\u00f3 a la contadora y a otros tres profesionistas del \u00e1rea contable.<\/p>\n<p>\u201cTodo lo anterior configura no solo graves violaciones al orden jur\u00eddico y posibles delitos, sino un atentado directo contra la ciudadan\u00eda y las instituciones municipales\u201d, advirtieron los regidores en su comunicado, firmado por Francisco Cuervo Mej\u00eda, Mar\u00eda Eugenia Hern\u00e1ndez Baz\u00e1n, Dora Emilia Coronel Y\u00e1\u00f1ez, Marisela \u00c1nimas \u00c1ngeles, Norma Rubicelia Rodr\u00edguez Cruz, Nicol\u00e1s de Jes\u00fas Hern\u00e1ndez Camacho, Rosa Vicencio Hern\u00e1ndez, Pedro Antonio Zamora Lara, Ver\u00f3nica Fabiola Jim\u00e9nez Alcubilla y H\u00e9ctor Bustillo Quintana.<\/p>\n<p>Los firmantes instaron al Congreso de Veracruz a actuar con prontitud para salvaguardar el estado de derecho en \u00c1lamo Temapache. Hasta el momento, la alcaldesa Blanca Lilia Arrieta no ha emitido ning\u00fan posicionamiento oficial sobre la denuncia.<\/p>\n","protected":false},"excerpt":{"rendered":"<p>Los diez regidores del Ayuntamiento de \u00c1lamo Temapache presentaron una solicitud de juicio pol\u00edtico ante el Congreso del Estado de<\/p>\n","protected":false},"author":4,"featured_media":57877,"comment_status":"closed","ping_status":"closed","sticky":false,"template":"","format":"standard","meta":{"colormag_page_container_layout":"default_layout","colormag_page_sidebar_layout":"default_layout","_jetpack_memberships_contains_paid_content":false,"footnotes":"","jetpack_publicize_message":"","jetpack_publicize_feature_enabled":true,"jetpack_social_post_already_shared":true,"jetpack_social_options":{"image_generator_settings":{"template":"highway","default_image_id":0,"font":"","enabled":false},"version":2}},"categories":[356],"tags":[],"class_list":["post-57876","post","type-post","status-publish","format-standard","has-post-thumbnail","hentry","category-veracruz"],"jetpack_publicize_connections":[],"jetpack_featured_media_url":"https:\/\/noticiasveracruz.com\/wp-content\/uploads\/2025\/06\/REGI.jpg","jetpack_sharing_enabled":true,"publishpress_future_action":{"enabled":false,"date":"2026-05-10 03:06:20","action":"change-status","newStatus":"draft","terms":[],"taxonomy":"category","extraData":[]},"publishpress_future_workflow_manual_trigger":{"enabledWorkflows":[]},"_links":{"self":[{"href":"https:\/\/noticiasveracruz.com\/index.php\/wp-json\/wp\/v2\/posts\/57876","targetHints":{"allow":["GET"]}}],"collection":[{"href":"https:\/\/noticiasveracruz.com\/index.php\/wp-json\/wp\/v2\/posts"}],"about":[{"href":"https:\/\/noticiasveracruz.com\/index.php\/wp-json\/wp\/v2\/types\/post"}],"author":[{"embeddable":true,"href":"https:\/\/noticiasveracruz.com\/index.php\/wp-json\/wp\/v2\/users\/4"}],"replies":[{"embeddable":true,"href":"https:\/\/noticiasveracruz.com\/index.php\/wp-json\/wp\/v2\/comments?post=57876"}],"version-history":[{"count":0,"href":"https:\/\/noticiasveracruz.com\/index.php\/wp-json\/wp\/v2\/posts\/57876\/revisions"}],"wp:featuredmedia":[{"embeddable":true,"href":"https:\/\/noticiasveracruz.com\/index.php\/wp-json\/wp\/v2\/media\/57877"}],"wp:attachment":[{"href":"https:\/\/noticiasveracruz.com\/index.php\/wp-json\/wp\/v2\/media?parent=57876"}],"wp:term":[{"taxonomy":"category","embeddable":true,"href":"https:\/\/noticiasveracruz.com\/index.php\/wp-json\/wp\/v2\/categories?post=57876"},{"taxonomy":"post_tag","embeddable":true,"href":"https:\/\/noticiasveracruz.com\/index.php\/wp-json\/wp\/v2\/tags?post=57876"}],"curies":[{"name":"wp","href":"https:\/\/api.w.org\/{rel}","templated":true}]}}