{"id":5768,"date":"2022-07-01T16:00:06","date_gmt":"2022-07-01T21:00:06","guid":{"rendered":"https:\/\/noticiasveracruz.com\/?p=5768"},"modified":"2022-07-01T20:59:00","modified_gmt":"2022-07-02T01:59:00","slug":"tuxpan-trabaja-para-erradicar-la-violencia-contra-las-mujeres","status":"publish","type":"post","link":"https:\/\/noticiasveracruz.com\/index.php\/2022\/07\/01\/tuxpan-trabaja-para-erradicar-la-violencia-contra-las-mujeres\/","title":{"rendered":"Tuxpan trabaja para erradicar la violencia contra las mujeres"},"content":{"rendered":"<p>&nbsp;<\/p>\n<p class=\"p1\"><span style=\"font-size: 14pt;\"><em><strong>Tuxpan.<\/strong> <\/em><strong>Para erradicar la violencia contra las mujere<\/strong>s, el municipio de Tuxpan realiz\u00f3 el <\/span><strong><span style=\"font-size: 14pt;\">Taller de Declaratoria de Alerta de Violencia de G\u00e9nero Contra las Mujeres y sus Implicaciones para los municipios.<\/span><\/strong><\/p>\n<p><span style=\"font-size: 14pt;\">Este evento lo llev\u00f3 a cabo la Secretar\u00eda de Gobierno en coordinaci\u00f3n con el Instituto Veracruzano de las Mujeres y el Instituto Municipal de las Mujeres Tuxpan.<\/span><\/p>\n<p>&nbsp;<\/p>\n<p><img loading=\"lazy\" decoding=\"async\" class=\"aligncenter wp-image-4745 size-large\" src=\"http:\/\/politicosaldesnudoqroo.com.mx\/wp-content\/uploads\/2022\/07\/P-TUXPAN-MUJERES1-1024x573.png\" alt=\"\" width=\"800\" height=\"448\" \/><\/p>\n<p>&nbsp;<\/p>\n<p class=\"p1\"><span style=\"font-size: 18pt;\"><strong>El taller estuvo encabezado encabezado por el alcalde Jos\u00e9 Manuel Pozos Castro, quien se\u00f1al\u00f3 que las consecuencias de cualquier forma de violencia son devastadoras y las secuelas para quien la vive son permanentes.<\/strong><\/span><\/p>\n<p class=\"p1\"><span style=\"font-size: 18pt;\"><strong>Asegur\u00f3 que para la administraci\u00f3n que encabeza es prioridad erradicar la violencia contra las mujeres, para lo cual trabajan de manera coordinada los tres niveles de gobierno. <\/strong><\/span><\/p>\n<blockquote>\n<p class=\"p1\"><span style=\"font-size: 14pt;\">En Tuxpan trabajamos todos los d\u00edas para hacer valer los Derechos Humanos, principalmente los de las mujeres y las ni\u00f1as\u201d<\/span><\/p>\n<\/blockquote>\n<p><span style=\"font-size: 14pt;\">En el taller tambi\u00e9n estuvieron presentes\u00a0la Mtra. Beatriz Pi\u00f1a Vergara, S\u00edndica \u00danica; la Lic. Yeralding S\u00e1nchez, Titular de la Unidad de G\u00e9nero de la Comisi\u00f3n Estatal de Derechos Humanos (CEDH), en representaci\u00f3n de la Dra. Namiko Matzumoto Ben\u00edtez, Titular de la CEDH; y la Mtra. Martha Patricia Colorado Mart\u00ednez, subdirectora de Promoci\u00f3n de Igualdad del Instituto Veracruzano de las Mujeres (IVM), en representaci\u00f3n de la Mtra. Mar\u00eda del Roc\u00edo Villafuerte, encargada de Despacho de la Direcci\u00f3n General del IVM.<\/span><\/p>\n<p>&nbsp;<\/p>\n<p class=\"p1\"><img loading=\"lazy\" decoding=\"async\" class=\"aligncenter wp-image-4746 size-large\" src=\"http:\/\/politicosaldesnudoqroo.com.mx\/wp-content\/uploads\/2022\/07\/P-TUXPAN-MUJERES2-1024x573.png\" alt=\"\" width=\"800\" height=\"448\" \/><\/p>\n<p>&nbsp;<\/p>\n<p><span style=\"font-size: 18pt;\"><strong>PROTEGER DERECHOS\u00a0<\/strong><\/span><\/p>\n<p class=\"p1\"><span style=\"font-size: 18pt;\"><strong>Por su parte, Martha Patricia Colorado Mart\u00ednez reconoci\u00f3 el compromiso del gobierno de Tuxpan para proteger y garantizar los derechos de las mujeres.<\/strong><\/span><\/p>\n<p class=\"p1\"><span style=\"font-size: 14pt;\">Inform\u00f3 que el taller se realiza en el marco de los compromisos establecidos en la Comisi\u00f3n para la Atenci\u00f3n a la Declaratoria de Alerta de Violencia de G\u00e9nero Contra las Mujeres, del Consejo Estatal para la Seguridad P\u00fablica.<\/span><\/p>\n<p class=\"p1\"><span style=\"font-size: 18pt;\"><strong>Asimismo celebr\u00f3 la disposici\u00f3n de las autoridades municipales para atender la Declaratoria y conocer las medidas de seguridad y prevenci\u00f3n.<\/strong><\/span><\/p>\n<p class=\"p1\"><span style=\"font-size: 18pt;\"><strong>Colorado Mart\u00ednez entreg\u00f3 al alcalde Jos\u00e9 Manuel Pozos Castro el documento que integra la Declaratoria de Alerta de Violencia de G\u00e9nero Contra las Mujeres por Violencia Feminicida, y el decreto emitido por Gobierno del Estado que incluye el programa de trabajo que contiene 102 acciones, de las cuales 23 son de responsabilidad de los ayuntamientos.<\/strong><\/span><\/p>\n<p class=\"p1\"><span style=\"font-size: 18pt;\"><strong>El alcalde pidi\u00f3 que les hiciera saber al gobernador Cuitl\u00e1huac Garc\u00eda Jim\u00e9nez y al secretario de Gobierno, Eric Cisneros Burgos, que en Tuxpan se continuar\u00e1 con las acciones necesarias para erradicar este tipo de violencia.<\/strong><\/span><\/p>\n<p class=\"p1\"><span style=\"font-size: 14pt;\">Al evento tambi\u00e9n asistieron el Mtro. Sergio Ulises Montes Guzm\u00e1n, Director General de Cultura de Paz y Derechos Humanos; La Mtra. Soraya Prado Rivera, secretaria t\u00e9cnica del Consejo Estatal de Poblaci\u00f3n (COESPO); la Mtra. Fernanda Isabel Figueroa Cruz, Jefa del Departamento Especializado de B\u00fasqueda de la Comisi\u00f3n Estatal de B\u00fasqueda, en representaci\u00f3n de la Lic. Brenda Cer\u00f3n Chagoya, encargada de la Comisi\u00f3n Estatal de B\u00fasqueda; y la Lic. Gabriela Arango, directora del Instituto Municipal de las Mujeres en Tuxpan.<\/span><\/p>\n<p class=\"p1\"><span style=\"font-size: 14pt;\">Adem\u00e1s la Lic. Maryanela Monroy Flores, regidora comisionada en Derechos Humanos, y los regidores Amado Guti\u00e9rrez Lima, Prof. Luis Demetrio L\u00f3pez Mar\u00edn y Axel Bernal Herrera.<\/span><\/p>\n<p>&nbsp;<\/p>\n<p>&nbsp;<\/p>\n<p>&nbsp;<\/p>\n<p>&nbsp;<\/p>\n<p>&nbsp;<\/p>\n","protected":false},"excerpt":{"rendered":"<p>&nbsp; Tuxpan. Para erradicar la violencia contra las mujeres, el municipio de Tuxpan realiz\u00f3 el Taller de Declaratoria de Alerta<\/p>\n","protected":false},"author":4,"featured_media":5771,"comment_status":"closed","ping_status":"closed","sticky":false,"template":"","format":"standard","meta":{"colormag_page_container_layout":"default_layout","colormag_page_sidebar_layout":"default_layout","_jetpack_memberships_contains_paid_content":false,"footnotes":"","jetpack_publicize_message":"","jetpack_publicize_feature_enabled":true,"jetpack_social_post_already_shared":false,"jetpack_social_options":{"image_generator_settings":{"template":"highway","default_image_id":0,"font":"","enabled":false},"version":2}},"categories":[356],"tags":[277,72,1001],"class_list":["post-5768","post","type-post","status-publish","format-standard","has-post-thumbnail","hentry","category-veracruz","tag-jose-manuel-pozos-castro","tag-tuxpan","tag-violencia-mujer"],"jetpack_publicize_connections":[],"jetpack_featured_media_url":"https:\/\/noticiasveracruz.com\/wp-content\/uploads\/2022\/07\/P-TUXPAN-MUJERES3.png","jetpack_sharing_enabled":true,"publishpress_future_action":{"enabled":false,"date":"2026-05-06 18:15:29","action":"change-status","newStatus":"draft","terms":[],"taxonomy":"category","extraData":[]},"publishpress_future_workflow_manual_trigger":{"enabledWorkflows":[]},"_links":{"self":[{"href":"https:\/\/noticiasveracruz.com\/index.php\/wp-json\/wp\/v2\/posts\/5768","targetHints":{"allow":["GET"]}}],"collection":[{"href":"https:\/\/noticiasveracruz.com\/index.php\/wp-json\/wp\/v2\/posts"}],"about":[{"href":"https:\/\/noticiasveracruz.com\/index.php\/wp-json\/wp\/v2\/types\/post"}],"author":[{"embeddable":true,"href":"https:\/\/noticiasveracruz.com\/index.php\/wp-json\/wp\/v2\/users\/4"}],"replies":[{"embeddable":true,"href":"https:\/\/noticiasveracruz.com\/index.php\/wp-json\/wp\/v2\/comments?post=5768"}],"version-history":[{"count":0,"href":"https:\/\/noticiasveracruz.com\/index.php\/wp-json\/wp\/v2\/posts\/5768\/revisions"}],"wp:featuredmedia":[{"embeddable":true,"href":"https:\/\/noticiasveracruz.com\/index.php\/wp-json\/wp\/v2\/media\/5771"}],"wp:attachment":[{"href":"https:\/\/noticiasveracruz.com\/index.php\/wp-json\/wp\/v2\/media?parent=5768"}],"wp:term":[{"taxonomy":"category","embeddable":true,"href":"https:\/\/noticiasveracruz.com\/index.php\/wp-json\/wp\/v2\/categories?post=5768"},{"taxonomy":"post_tag","embeddable":true,"href":"https:\/\/noticiasveracruz.com\/index.php\/wp-json\/wp\/v2\/tags?post=5768"}],"curies":[{"name":"wp","href":"https:\/\/api.w.org\/{rel}","templated":true}]}}