{"id":5752,"date":"2022-07-01T20:29:12","date_gmt":"2022-07-02T01:29:12","guid":{"rendered":"https:\/\/noticiasveracruz.com\/?p=5752"},"modified":"2022-07-01T20:37:21","modified_gmt":"2022-07-02T01:37:21","slug":"refineria-olmeca-historico-triunfo-que-recuperara-la-independencia-petrolera-de-mexico","status":"publish","type":"post","link":"https:\/\/noticiasveracruz.com\/index.php\/2022\/07\/01\/refineria-olmeca-historico-triunfo-que-recuperara-la-independencia-petrolera-de-mexico\/","title":{"rendered":"Refiner\u00eda Olmeca, hist\u00f3rico triunfo que recuperar\u00e1 la independencia petrolera"},"content":{"rendered":"<p>&nbsp;<\/p>\n<p class=\"p1\"><span style=\"font-size: 14pt;\"><em><strong>Para\u00edso, Tabasco.<\/strong> <\/em>El presidente <strong>Andr\u00e9s Manuel L\u00f3pez Obrador<\/strong> afirm\u00f3 que la inauguraci\u00f3n de la primera etapa de la refiner\u00eda Olmeca, <strong>\u201ces un sue\u00f1o convertido en realidad, todo un acontecimiento y un distintivo de nuestra pol\u00edtica de transformaci\u00f3n\u201d.<\/strong><\/span><\/p>\n<p class=\"p1\"><span style=\"font-size: 14pt;\">Este complejo es otro de los compromisos cumplidos por el jefe del Ejecutivo; desde hoy, la refiner\u00eda Olmeca se convierte en la s\u00e9ptima del\u00a0Sistema Nacional de Refinaci\u00f3n, propiedad de\u00a0Pemex.<\/span><\/p>\n<p><img loading=\"lazy\" decoding=\"async\" class=\"aligncenter wp-image-7182 size-large\" src=\"https:\/\/politicosaldesnudo.com.mx\/wp-content\/uploads\/2022\/07\/P-DOSBOCAS1-1024x573.png\" alt=\"\" width=\"800\" height=\"448\" \/><\/p>\n<p class=\"p1\"><span style=\"font-size: 18pt;\"><strong>Andr\u00e9s Manuel L\u00f3pez Obrador<span class=\"Apple-converted-space\">\u00a0 <\/span>dijo que contribuir\u00e1 a alcanzar la autosuficiencia energ\u00e9tica de M\u00e9xico al procesar 340 mil barriles diarios de petr\u00f3leo crudo, de los cuales se producir\u00e1n 170 mil barriles de gasolina y 120 mil de di\u00e9sel de azufre ultra bajo.<\/strong><\/span><\/p>\n<p>&nbsp;<\/p>\n<p class=\"p1\"><span style=\"font-size: 18pt;\"><strong>INDEPENDENCIA EN GASOLINAS<\/strong><\/span><\/p>\n<p class=\"p1\"><span style=\"font-size: 18pt;\"><strong>La operaci\u00f3n de la hist\u00f3rica obra, junto con la refiner\u00eda de Deer Park en Texas y las seis refiner\u00edas existentes \u2014que actualmente est\u00e1n en modernizaci\u00f3n\u2014, reducir\u00e1n las importaciones de combustibles porque podr\u00e1 procesarse en el pa\u00eds la materia prima y lograr la independencia en gasolinas y di\u00e9sel.<\/strong><\/span><\/p>\n<p class=\"p1\"><span style=\"font-size: 14pt;\">Tras el recorrido que hizo en las instalaciones de la nueva refiner\u00eda Olmeca, Andr\u00e9s Manuel L\u00f3pez Obrador sostuvo que avanza con resultados positivos, a pesar del contexto internacional adverso, en el objetivo de convertir a M\u00e9xico en un pa\u00eds autosuficiente.<\/span><\/p>\n<p><img loading=\"lazy\" decoding=\"async\" class=\"aligncenter wp-image-7183 size-large\" src=\"https:\/\/politicosaldesnudo.com.mx\/wp-content\/uploads\/2022\/07\/P-DOSBOCAS2-1024x573.png\" alt=\"\" width=\"800\" height=\"448\" \/><\/p>\n<p class=\"p1\"><span style=\"font-size: 18pt;\"><strong>Los trabajos de rehabilitaci\u00f3n en la infraestructura nacional han permitido incrementar de 485 mil a 863 mil barriles diarios y en 2023 se tendr\u00e1 capacidad para procesar un mill\u00f3n 200 mil barriles.<\/strong><\/span><\/p>\n<blockquote>\n<p class=\"p1\"><span style=\"font-size: 14pt;\">A ello debe agregarse que oportunamente se decidi\u00f3 construir esta refiner\u00eda. (\u2026) Nos estamos preparando para dejar de importar gasolina, di\u00e9sel y turbosina, ser autosuficientes, crear empleos en el pa\u00eds y dedicar estos combustibles al mercado interno y al desarrollo nacional\u201d<\/span><\/p>\n<\/blockquote>\n<p>&nbsp;<\/p>\n<p><img loading=\"lazy\" decoding=\"async\" class=\"aligncenter wp-image-7184 size-large\" src=\"https:\/\/politicosaldesnudo.com.mx\/wp-content\/uploads\/2022\/07\/P-DOSBOCAS3-1024x573.png\" alt=\"\" width=\"800\" height=\"448\" \/><\/p>\n<p>&nbsp;<\/p>\n<p class=\"p1\"><span style=\"font-size: 24px;\"><b>RECUPERACI\u00d3N PETROLERA<\/b><\/span><\/p>\n<p class=\"p1\"><span style=\"font-size: 18pt;\"><strong>En el puerto de Dos Bocas record\u00f3 el triunfo hist\u00f3rico del 1 de julio de 2018. Dijo que a partir de este hecho de la vida democr\u00e1tica de M\u00e9xico fue posible recuperar la industria petroqu\u00edmica y petrolera.<\/strong><\/span><\/p>\n<blockquote>\n<p class=\"p1\"><span style=\"font-size: 14pt;\">Poco a poco hemos venido recobrando la rector\u00eda del Estado en la planeaci\u00f3n y el desarrollo nacional. Al igual que Pemex, tambi\u00e9n hemos venido rescatando a la Comisi\u00f3n Federal de Electricidad\u201d<\/span><\/p>\n<\/blockquote>\n<p class=\"p1\"><span style=\"font-size: 14pt;\">El jefe del Ejecutivo indic\u00f3 que el proyecto estrat\u00e9gico que hoy inaugur\u00f3 es resultado del trabajo coordinado entre las instituciones del Gobierno de M\u00e9xico en beneficio de la naci\u00f3n y de la capacidad de servidoras y servidores p\u00fablicos, como la\u00a0secretaria de Energ\u00eda (Sener), Roc\u00edo Nahle Garc\u00eda, a quien reconoci\u00f3 por su trabajo en territorio desde el inicio de la obra.<\/span><\/p>\n<p>&nbsp;<\/p>\n<p><img loading=\"lazy\" decoding=\"async\" class=\"aligncenter wp-image-7186 size-large\" src=\"https:\/\/politicosaldesnudo.com.mx\/wp-content\/uploads\/2022\/07\/P-DOSBOCAS5-1024x573.png\" alt=\"\" width=\"800\" height=\"448\" \/><\/p>\n<p>&nbsp;<\/p>\n<blockquote>\n<p class=\"p1\"><span style=\"font-size: 14pt;\">La estamos haciendo entre todos, con trabajo creativo, intelectual, laboral, pensando en el porvenir de las nuevas generaciones; con mucho amor al pueblo y siempre a favor de la grandeza de M\u00e9xico\u201d<\/span><\/p>\n<\/blockquote>\n<p>&nbsp;<\/p>\n<p class=\"p1\"><span style=\"font-size: 18pt;\"><strong>REFINER\u00cdA MODERNA <\/strong><\/span><\/p>\n<p class=\"p1\"><span style=\"font-size: 18pt;\"><strong>Por su parte, la titular de la Sener, Roc\u00edo Nahle Garc\u00eda, asegur\u00f3 que la nueva refiner\u00eda es de alta eficiencia energ\u00e9tica y tiene la tecnolog\u00eda m\u00e1s moderna del mundo. <\/strong><\/span><\/p>\n<p class=\"p1\"><span style=\"font-size: 18pt;\"><strong>Su ubicaci\u00f3n es estrat\u00e9gica en el puerto de Dos Bocas, por lo que podr\u00e1 recibir un mill\u00f3n de barriles de petr\u00f3leo crudo diariamente, provenientes del litoral de Tabasco y la sonda de Campeche.<\/strong><\/span><\/p>\n<p>&nbsp;<\/p>\n<p><img loading=\"lazy\" decoding=\"async\" class=\"aligncenter wp-image-7187 size-large\" src=\"https:\/\/politicosaldesnudo.com.mx\/wp-content\/uploads\/2022\/07\/P-DOSBOCAS6-1024x573.png\" alt=\"\" width=\"800\" height=\"448\" \/><\/p>\n<p>&nbsp;<\/p>\n<p class=\"p1\"><span style=\"font-size: 18pt;\"><strong>As\u00ed el director General de Petr\u00f3leos Mexicanos, Octavio Romero Oropeza, refiri\u00f3 que el rescate de la industria energ\u00e9tica nacional permite impulsar el mercado interno de combustibles y una pol\u00edtica a favor del control inflacionario.<\/strong><\/span><\/p>\n<p>&nbsp;<\/p>\n<p><img loading=\"lazy\" decoding=\"async\" class=\"aligncenter wp-image-7189 size-large\" src=\"https:\/\/politicosaldesnudo.com.mx\/wp-content\/uploads\/2022\/07\/P-DOSBOCAS8-1024x573.png\" alt=\"\" width=\"800\" height=\"448\" \/><\/p>\n<p>&nbsp;<\/p>\n<p class=\"p1\"><span style=\"font-size: 18pt;\"><strong>Durante el evento, el titular de Pemex firm\u00f3 la carta de intenci\u00f3n con New Fortress Energy para el proyecto de Lakach en Veracruz, as\u00ed como con la empresa ICA Fluor, que participar\u00e1 en la construcci\u00f3n de la coquizadora de Salina Cruz, Oaxaca.<\/strong><\/span><\/p>\n<p class=\"p1\"><span style=\"font-size: 14pt;\">En tanto, el director General de la Comisi\u00f3n Federal de Electricidad, Manuel Bartlett D\u00edaz, dio r\u00fabrica a la carta de intenci\u00f3n con las compa\u00f1\u00edas TC Energy y New Fortress Energy.<\/span><\/p>\n","protected":false},"excerpt":{"rendered":"<p>&nbsp; Para\u00edso, Tabasco. El presidente Andr\u00e9s Manuel L\u00f3pez Obrador afirm\u00f3 que la inauguraci\u00f3n de la primera etapa de la refiner\u00eda<\/p>\n","protected":false},"author":4,"featured_media":5756,"comment_status":"closed","ping_status":"closed","sticky":false,"template":"","format":"standard","meta":{"colormag_page_container_layout":"default_layout","colormag_page_sidebar_layout":"default_layout","_jetpack_memberships_contains_paid_content":false,"footnotes":"","jetpack_publicize_message":"","jetpack_publicize_feature_enabled":true,"jetpack_social_post_already_shared":false,"jetpack_social_options":{"image_generator_settings":{"template":"highway","default_image_id":0,"font":"","enabled":false},"version":2}},"categories":[4],"tags":[65,31,90,1000,536,163],"class_list":["post-5752","post","type-post","status-publish","format-standard","has-post-thumbnail","hentry","category-nacional","tag-andres-manuel-lopez-obrador","tag-mexico","tag-pemex","tag-petroleo","tag-refineria-olmeca","tag-rocio-nahle"],"jetpack_publicize_connections":[],"jetpack_featured_media_url":"https:\/\/noticiasveracruz.com\/wp-content\/uploads\/2022\/07\/P-DOSBOCAS4.png","jetpack_sharing_enabled":true,"publishpress_future_action":{"enabled":false,"date":"2026-05-06 18:55:49","action":"change-status","newStatus":"draft","terms":[],"taxonomy":"category","extraData":[]},"publishpress_future_workflow_manual_trigger":{"enabledWorkflows":[]},"_links":{"self":[{"href":"https:\/\/noticiasveracruz.com\/index.php\/wp-json\/wp\/v2\/posts\/5752","targetHints":{"allow":["GET"]}}],"collection":[{"href":"https:\/\/noticiasveracruz.com\/index.php\/wp-json\/wp\/v2\/posts"}],"about":[{"href":"https:\/\/noticiasveracruz.com\/index.php\/wp-json\/wp\/v2\/types\/post"}],"author":[{"embeddable":true,"href":"https:\/\/noticiasveracruz.com\/index.php\/wp-json\/wp\/v2\/users\/4"}],"replies":[{"embeddable":true,"href":"https:\/\/noticiasveracruz.com\/index.php\/wp-json\/wp\/v2\/comments?post=5752"}],"version-history":[{"count":0,"href":"https:\/\/noticiasveracruz.com\/index.php\/wp-json\/wp\/v2\/posts\/5752\/revisions"}],"wp:featuredmedia":[{"embeddable":true,"href":"https:\/\/noticiasveracruz.com\/index.php\/wp-json\/wp\/v2\/media\/5756"}],"wp:attachment":[{"href":"https:\/\/noticiasveracruz.com\/index.php\/wp-json\/wp\/v2\/media?parent=5752"}],"wp:term":[{"taxonomy":"category","embeddable":true,"href":"https:\/\/noticiasveracruz.com\/index.php\/wp-json\/wp\/v2\/categories?post=5752"},{"taxonomy":"post_tag","embeddable":true,"href":"https:\/\/noticiasveracruz.com\/index.php\/wp-json\/wp\/v2\/tags?post=5752"}],"curies":[{"name":"wp","href":"https:\/\/api.w.org\/{rel}","templated":true}]}}