{"id":57047,"date":"2025-05-22T00:18:43","date_gmt":"2025-05-22T06:18:43","guid":{"rendered":"https:\/\/noticiasveracruz.com\/?p=57047"},"modified":"2025-05-21T21:32:09","modified_gmt":"2025-05-22T03:32:09","slug":"trump-senala-que-hay-genocidio-contra-gente-blanca-en-sudafrica","status":"publish","type":"post","link":"https:\/\/noticiasveracruz.com\/index.php\/2025\/05\/22\/trump-senala-que-hay-genocidio-contra-gente-blanca-en-sudafrica\/","title":{"rendered":"Trump se\u00f1ala que hay genocidio contra gente blanca en Sud\u00e1frica"},"content":{"rendered":"<p class=\"nota-justify\">Donald Trump sorprendi\u00f3 este mi\u00e9rcoles al presidente de Sud\u00e1frica, Cyril Ramaphosa, al mostrarle un video que supuestamente comprueba las acusaciones estadunidenses de un genocidio contra blancos en el pa\u00eds africano.<\/p>\n<p class=\"nota-justify\">Durante un encuentro oficial con Ramaphosa en el Despacho Oval, Trump pidi\u00f3 que apagaran las luces para que se proyectara un video en una pantalla, afirmando que mostraba a sudafricanos negros hablando de genocidio.<\/p>\n<p class=\"nota-justify\">\u00abLes permites tomar tierras y cuando toman las tierras, matan al agricultor blanco. Cuando matan al agricultor blanco, no les pasa nada\u00bb, afirm\u00f3 Trump. Tambi\u00e9n le mostr\u00f3 recortes de prensa que, seg\u00fan \u00e9l, confirman su denuncia.<\/p>\n<p class=\"nota-justify\">Ramaphosa neg\u00f3 que su pa\u00eds est\u00e9 confiscando tierras de agricultores blancos en el marco de una ley de expropiaci\u00f3n aprobada en enero, con la que se pretende corregir las desigualdades hist\u00f3ricas del dominio de la minor\u00eda blanca.<\/p>\n<p class=\"nota-justify\">\u00abNo, no, no, no\u00bb, dijo Ramaphosa. \u00abNadie puede tomar tierras\u00bb.<\/p>\n<p class=\"nota-justify\">La prensa estaba presente y Ramaphosa apenas pudo decir palabra durante la transmisi\u00f3n de las im\u00e1genes. Hasta que en cierto punto suplic\u00f3 \u00abhablar del asunto con mucha calma\u00bb.<\/p>\n<p class=\"nota-justify\">\u00abNelson Mandela nos ense\u00f1\u00f3 que siempre que hay problemas, la gente debe sentarse a la mesa y conversar. Y esto es precisamente de lo que nosotros tambi\u00e9n queremos hablar\u00bb, dijo.<\/p>\n<p class=\"nota-justify\">Lo ocurrido record\u00f3 el episodio de febrero en el que Trump y su vicepresidente JD Vance humillaron al mandatario ucranio Volodymir Zelensky.<\/p>\n","protected":false},"excerpt":{"rendered":"<p>Donald Trump sorprendi\u00f3 este mi\u00e9rcoles al presidente de Sud\u00e1frica, Cyril Ramaphosa, al mostrarle un video que supuestamente comprueba las acusaciones estadunidenses de un genocidio contra blancos en el pa\u00eds africano. Durante un encuentro oficial con Ramaphosa en el Despacho Oval, Trump pidi\u00f3 que apagaran las luces para que se proyectara un video en una pantalla, [&hellip;]<\/p>\n","protected":false},"author":4,"featured_media":57048,"comment_status":"closed","ping_status":"closed","sticky":false,"template":"","format":"standard","meta":{"_jetpack_newsletter_access":"","_jetpack_dont_email_post_to_subs":false,"_jetpack_newsletter_tier_id":0,"_jetpack_memberships_contains_paywalled_content":false,"_jetpack_feature_clip_id":0,"_jetpack_memberships_contains_paid_content":false,"footnotes":"","jetpack_publicize_message":"","jetpack_publicize_feature_enabled":true,"jetpack_social_post_already_shared":true,"jetpack_social_options":{"image_generator_settings":{"template":"highway","default_image_id":0,"font":"","enabled":false},"version":2},"jetpack_post_was_ever_published":false},"categories":[355],"tags":[],"class_list":["post-57047","post","type-post","status-publish","format-standard","has-post-thumbnail","hentry","category-internacional"],"jetpack_publicize_connections":[],"jetpack_sharing_enabled":true,"publishpress_future_action":{"enabled":false,"date":"2026-09-07 10:56:47","action":"change-status","newStatus":"draft","terms":[],"taxonomy":"category","extraData":[]},"publishpress_future_workflow_manual_trigger":{"enabledWorkflows":[]},"jetpack_featured_media_url":"https:\/\/noticiasveracruz.com\/wp-content\/uploads\/2025\/05\/LOCO.jpg","_links":{"self":[{"href":"https:\/\/noticiasveracruz.com\/index.php\/wp-json\/wp\/v2\/posts\/57047","targetHints":{"allow":["GET"]}}],"collection":[{"href":"https:\/\/noticiasveracruz.com\/index.php\/wp-json\/wp\/v2\/posts"}],"about":[{"href":"https:\/\/noticiasveracruz.com\/index.php\/wp-json\/wp\/v2\/types\/post"}],"author":[{"embeddable":true,"href":"https:\/\/noticiasveracruz.com\/index.php\/wp-json\/wp\/v2\/users\/4"}],"replies":[{"embeddable":true,"href":"https:\/\/noticiasveracruz.com\/index.php\/wp-json\/wp\/v2\/comments?post=57047"}],"version-history":[{"count":0,"href":"https:\/\/noticiasveracruz.com\/index.php\/wp-json\/wp\/v2\/posts\/57047\/revisions"}],"wp:featuredmedia":[{"embeddable":true,"href":"https:\/\/noticiasveracruz.com\/index.php\/wp-json\/wp\/v2\/media\/57048"}],"wp:attachment":[{"href":"https:\/\/noticiasveracruz.com\/index.php\/wp-json\/wp\/v2\/media?parent=57047"}],"wp:term":[{"taxonomy":"category","embeddable":true,"href":"https:\/\/noticiasveracruz.com\/index.php\/wp-json\/wp\/v2\/categories?post=57047"},{"taxonomy":"post_tag","embeddable":true,"href":"https:\/\/noticiasveracruz.com\/index.php\/wp-json\/wp\/v2\/tags?post=57047"}],"curies":[{"name":"wp","href":"https:\/\/api.w.org\/{rel}","templated":true}]}}