{"id":56986,"date":"2025-05-21T19:39:27","date_gmt":"2025-05-22T01:39:27","guid":{"rendered":"https:\/\/noticiasveracruz.com\/?p=56986"},"modified":"2025-05-21T19:39:27","modified_gmt":"2025-05-22T01:39:27","slug":"noche-de-jazz-dedicada-a-la-filu-osx","status":"publish","type":"post","link":"https:\/\/noticiasveracruz.com\/index.php\/2025\/05\/21\/noche-de-jazz-dedicada-a-la-filu-osx\/","title":{"rendered":"\u201cNoche de Jazz\u201d dedicada a la FILU OSX"},"content":{"rendered":"<ul>\n<li>Christopher Buckholz, trombonista invitado<\/li>\n<li>Participa sexteto de Jazz UV, \u201cOrbis Tertius\u201d<\/li>\n<li>Rodrigo Cadet, director invitado\n<p>Xalapa, Ver. 19 mayo de 2025. La Orquesta Sinf\u00f3nica de Xalapa presenta un concierto imperdible para los fan\u00e1ticos del Jazz, celebrando la m\u00fasica y lazos culturales con Canad\u00e1 y EE.UU., pa\u00edses invitados en la 30\u00b0 Edici\u00f3n de la Feria Internacional del Libro Universitario (FILU). La OSX invita al p\u00fablico veracruzano a vivir una experiencia musical infrecuente con la participaci\u00f3n estelar del trombonista estadounidense, Christopher Buckholz, y el Sexteto de Jazz de la UV, Orbis Tertius (Rolando P\u00e9rez, director), en once fant\u00e1sticas obras: Kelly-Marie Murphy: \u201cAnd so be changed to lightning in the end\u201d, Jimmy Van Heusen\/Johnny Burke: \u201cHere\u2019s that rainy day\u201d, Clifford Brown: \u201cJoy Spring\u201d, Guy Wood\/Robert Mellin: \u201cMy one and only love\u201d, Bobby Shew: \u201cNadalin\u201d, Kurt Weill: \u201cSpeak Low\u201d, Bill Evans: \u201cWaltz for Debby\u201d, Richard Rodgers\/Lorenz Hart: \u201cWith a song in my heart\u201d, Harry Warren\/Mort Dixon\/Joe Young: \u00abYou&#8217;re my everything\u00bb (Arr. Lex Jaspe), Bobby Shew: \u00abBlue\u00bb (Arr. Gordon Brisker) y Lavall\u00e9e: \u00abO Canada\u00bb (Arr: Christopher Buckholz). Bajo la direcci\u00f3n de Rodrigo Cadet, director invitado.<\/li>\n<\/ul>\n<p>Este concierto se realizar\u00e1 el viernes 23 de mayo de 2025 a las 20:00 h en Tlaqn\u00e1, Centro Cultural.<\/p>\n<p><img loading=\"lazy\" decoding=\"async\" class=\"alignnone size-medium wp-image-56988\" src=\"http:\/\/noticiasveracruz.com\/wp-content\/uploads\/2025\/05\/Rodrigo-Cadet--200x300.jpg\" alt=\"\" width=\"200\" height=\"300\" srcset=\"https:\/\/noticiasveracruz.com\/wp-content\/uploads\/2025\/05\/Rodrigo-Cadet--200x300.jpg 200w, https:\/\/noticiasveracruz.com\/wp-content\/uploads\/2025\/05\/Rodrigo-Cadet--683x1024.jpg 683w, https:\/\/noticiasveracruz.com\/wp-content\/uploads\/2025\/05\/Rodrigo-Cadet--768x1152.jpg 768w, https:\/\/noticiasveracruz.com\/wp-content\/uploads\/2025\/05\/Rodrigo-Cadet--1024x1536.jpg 1024w, https:\/\/noticiasveracruz.com\/wp-content\/uploads\/2025\/05\/Rodrigo-Cadet--1365x2048.jpg 1365w, https:\/\/noticiasveracruz.com\/wp-content\/uploads\/2025\/05\/Rodrigo-Cadet--scaled.jpg 1707w\" sizes=\"auto, (max-width: 200px) 100vw, 200px\" \/><\/p>\n<p>&nbsp;<\/p>\n<p>Chris Buckholz, trombonista invitado, es un virtuoso de la m\u00fasica cl\u00e1sica y el jazz. Es profesor de tromb\u00f3n en la Universidad de Nuevo M\u00e9xico. Tiene en su haber tres CD en solitario: el doble \u00e1lbum de m\u00fasica cl\u00e1sica y jazz Versatility de 2015, A la Alb\u00e9niz de 2012 y el lanzamiento de jazz Muse de 2006. Es el primer trombonista que ha publicado un CD en solitario de m\u00fasica cl\u00e1sica y otro de jazz.<\/p>\n<p>De 1997 a 2005, Buckholz fue el trombonista principal de los Army Jazz Ambassadors en Washington, D.C. y actu\u00f3 con las Sinf\u00f3nicas de Pittsburgh, Nacional y Baltimore, y las Boston y Cincinnati Pops. Actualmente act\u00faa con la \u00d3pera de Santa Fe.<\/p>\n<p>&nbsp;<\/p>\n<p>Orbis Tertius, grupo invitado, surgi\u00f3 como propuesta independiente en la d\u00e9cada de 1970 y en 1975 se incorpor\u00f3 a los Grupos Art\u00edsticos de la Universidad Veracruzana; es uno de los grupos de jazz m\u00e1s longevos de M\u00e9xico. A lo largo de su historia ha contado con m\u00fasicos nacionales y extranjeros que han enriquecido su lenguaje musical a trav\u00e9s de su historia individual y colectiva.<\/p>\n<p>Su proyecto art\u00edstico consiste en presentar conciertos de autores del jazz cl\u00e1sico y contempor\u00e1neo, adem\u00e1s de hacer arreglos de m\u00fasica popular de M\u00e9xico; asimismo siempre incluye en sus programas m\u00fasica original compuesta por sus integrantes, en la que convergen influencias de la m\u00fasica latina (ritmos afro latinoamericanos como el Mozambique, el songo y la cumbia), el jazz (funk, rock, blues), m\u00fasica mexicana (son jarocho o experimentaciones sonoras con instrumentos prehisp\u00e1nicos) y m\u00fasica popular de otras latitudes (balad\u00ed), en general.<\/p>\n<p>&nbsp;<\/p>\n<p>Rodrigo Cadet, director invitado, es compositor, director orquestal y coral egresado de la Escuela Superior de M\u00fasica del INBA y del posgrado en la Facultad de M\u00fasica de la UNAM. Ha escrito obras para orquesta, ensambles de c\u00e1mara y coro. Entre sus mentores se encuentran: Hugo Rosales, Gabriela Ortiz, Maria Granillo, Arturo Marquez y Mario Lavista en composici\u00f3n; Alfredo Mendoza, Sergio C\u00e1rdenas y Digna Guerra en direcci\u00f3n coral y Enrique Arturo Diemecke en direcci\u00f3n orquestal. Es actualmente director de la Orquesta Sincrophonia, enfocada en la colaboraci\u00f3n interdisciplinaria a trav\u00e9s de la \u00f3pera, el ballet y el cine.<\/p>\n<p>&nbsp;<\/p>\n<p>Puedes comprar tus boletos en l\u00ednea en www.orquestasinfonicadexalapa.com, Tienda UV, Tienda UV Museo de Antropolog\u00eda y Taquilla Tlaqn\u00e1.<\/p>\n<p>Correo electr\u00f3nico: <a href=\"mailto:mercadotecnia.osx@gmail.com\">mercadotecnia.osx@gmail.com<\/a>.<\/p>\n","protected":false},"excerpt":{"rendered":"<p>Christopher Buckholz, trombonista invitado Participa sexteto de Jazz UV, \u201cOrbis Tertius\u201d Rodrigo Cadet, director invitado Xalapa, Ver. 19 mayo de<\/p>\n","protected":false},"author":4,"featured_media":56987,"comment_status":"closed","ping_status":"closed","sticky":false,"template":"","format":"standard","meta":{"colormag_page_container_layout":"default_layout","colormag_page_sidebar_layout":"default_layout","_jetpack_memberships_contains_paid_content":false,"footnotes":"","jetpack_publicize_message":"","jetpack_publicize_feature_enabled":true,"jetpack_social_post_already_shared":true,"jetpack_social_options":{"image_generator_settings":{"template":"highway","default_image_id":0,"font":"","enabled":false},"version":2}},"categories":[358,356],"tags":[],"class_list":["post-56986","post","type-post","status-publish","format-standard","has-post-thumbnail","hentry","category-cultura","category-veracruz"],"jetpack_publicize_connections":[],"jetpack_featured_media_url":"https:\/\/noticiasveracruz.com\/wp-content\/uploads\/2025\/05\/Buckholz-300-dpi-scaled.jpg","jetpack_sharing_enabled":true,"publishpress_future_action":{"enabled":false,"date":"2026-05-07 23:12:49","action":"change-status","newStatus":"draft","terms":[],"taxonomy":"category","extraData":[]},"publishpress_future_workflow_manual_trigger":{"enabledWorkflows":[]},"_links":{"self":[{"href":"https:\/\/noticiasveracruz.com\/index.php\/wp-json\/wp\/v2\/posts\/56986","targetHints":{"allow":["GET"]}}],"collection":[{"href":"https:\/\/noticiasveracruz.com\/index.php\/wp-json\/wp\/v2\/posts"}],"about":[{"href":"https:\/\/noticiasveracruz.com\/index.php\/wp-json\/wp\/v2\/types\/post"}],"author":[{"embeddable":true,"href":"https:\/\/noticiasveracruz.com\/index.php\/wp-json\/wp\/v2\/users\/4"}],"replies":[{"embeddable":true,"href":"https:\/\/noticiasveracruz.com\/index.php\/wp-json\/wp\/v2\/comments?post=56986"}],"version-history":[{"count":0,"href":"https:\/\/noticiasveracruz.com\/index.php\/wp-json\/wp\/v2\/posts\/56986\/revisions"}],"wp:featuredmedia":[{"embeddable":true,"href":"https:\/\/noticiasveracruz.com\/index.php\/wp-json\/wp\/v2\/media\/56987"}],"wp:attachment":[{"href":"https:\/\/noticiasveracruz.com\/index.php\/wp-json\/wp\/v2\/media?parent=56986"}],"wp:term":[{"taxonomy":"category","embeddable":true,"href":"https:\/\/noticiasveracruz.com\/index.php\/wp-json\/wp\/v2\/categories?post=56986"},{"taxonomy":"post_tag","embeddable":true,"href":"https:\/\/noticiasveracruz.com\/index.php\/wp-json\/wp\/v2\/tags?post=56986"}],"curies":[{"name":"wp","href":"https:\/\/api.w.org\/{rel}","templated":true}]}}