{"id":56984,"date":"2025-05-21T19:18:36","date_gmt":"2025-05-22T01:18:36","guid":{"rendered":"https:\/\/noticiasveracruz.com\/?p=56984"},"modified":"2025-05-21T19:18:36","modified_gmt":"2025-05-22T01:18:36","slug":"misma-clika-misma-cloaca","status":"publish","type":"post","link":"https:\/\/noticiasveracruz.com\/index.php\/2025\/05\/21\/misma-clika-misma-cloaca\/","title":{"rendered":"MISMA CLIKA, MISMA CLOACA"},"content":{"rendered":"<p>La abogac\u00eda independiente y decente de la Rep\u00fablica d\u00eda con d\u00eda tienen la obligaci\u00f3n de estar dispuestos a reaccionar ante situaciones de sorpresa o corrupci\u00f3n. Porque lo sorprendente se encuentra en nuestro qu\u00e9 hacer cotidiano.<\/p>\n<p>Cuando la abogac\u00eda de la Ciudad de M\u00e9xico, se encontraba en espera de una investigaci\u00f3n penal en contra de Ulises Lara L\u00f3pez, por los muy variados casos de corrupci\u00f3n perpetrados en su gesti\u00f3n como Fiscal General de Justicia de la Ciudad de M\u00e9xico, como el acontecido en la carpeta de investigaci\u00f3n relacionada con la impunidad que le concedi\u00f3 a Guillermo Alejandro Sesma Su\u00e1rez, abusador sexual de sus tres menores hijos. La probidad que debe de prevalecer en el entorno de procuraci\u00f3n de justicia, una vez m\u00e1s se detuvo. Alejandro Gertz Manero lo impuso como Titular de la Fiscal\u00eda Federal en el Estado Libre y Soberano de Morelos, no import\u00e1ndole sus obscuros antecedentes.<\/p>\n<p>Como consecuencia de lo expuesto, el Fiscal General de la Rep\u00fablica propiciador de este nombramiento, no merece una vez m\u00e1s, respeto alguno y, para ello hay que decir que el concepto de quien \u00e9stas l\u00edneas firma, deviene en el hecho de que en el argot pol\u00edtico y delincuencial, la \u201cclika\u201d que efectu\u00f3 ese nombramiento forma parte del entorno de ese sub grupo organizado dentro del \u00e1mbito de justicia que pretende seguir otorgando continuidad a los actos de corrupci\u00f3n, tan es as\u00ed, que no se ha generado investigaci\u00f3n alguna.<\/p>\n<p>En el entorno de referencia, las \u201cclikas\u201d tienen y mantienen su propio c\u00f3digo de comunicaci\u00f3n y modo en el que operan sus actos de corrupci\u00f3n, formando parte de la estructura institucional de los \u00f3rganos dedicados a \u2013seg\u00fan ellos- procurar e impartir justicia.<\/p>\n<p>En compendio: La \u201cclika\u201d de procuraci\u00f3n de justicia es un grup\u00fasculo de forajidos del derecho que se mantienen dentro de ese entorno y por ello, se convierten ipso facto en unos \u201cSiervos de la Naci\u00f3n\u201d.<\/p>\n<p>Para conocimiento de mis gentiles lectores, \u201cclika\u201d es un apalabra que dif\u00edcilmente encuentra su significado en obras de intelectualidad jur\u00eddica. En la jerga pol\u00edtico delincuencial se utiliza como sin\u00f3nimo de togados de \u201cprocuraci\u00f3n\u201d de justicia, los cuales interact\u00faan entre s\u00ed y comparten intereses de corrupci\u00f3n similares, en lugar de verdaderamente procurar justicia y honrar con ello a las fiscal\u00edas.<\/p>\n<p>Ese es el ambiente que por desgracia en M\u00e9xico prevalece en las instituciones de procuraci\u00f3n de justicia. Pero la realidad es que, a trancas y barrancas, con periodos de decepci\u00f3n y, otros de esperanza, se sigue so\u00f1ando en que en las fiscal\u00edas de la Rep\u00fablica desaparezca la \u201cclika o cloaca\u201d, para bien de la justicia.<\/p>\n<p>Actualmente en M\u00e9xico, ni la historia y sus motivaciones, ni ninguna norma de decoro pol\u00edtico o de justicia tienen una aplicaci\u00f3n estricta, y por desgracia siguen teniendo vigencia en las designaciones como la efectuada por Alejandro Gertz Manero, de qui\u00e9n se ha escrito y dicho mucho.<\/p>\n<p>Es cu\u00e1nto.<\/p>\n<p><img loading=\"lazy\" decoding=\"async\" class=\"alignnone wp-image-56822 size-full\" src=\"http:\/\/noticiasveracruz.com\/wp-content\/uploads\/2025\/05\/FIRMA-EDITORIAL-PD-7.jpg\" alt=\"\" width=\"1024\" height=\"125\" srcset=\"https:\/\/noticiasveracruz.com\/wp-content\/uploads\/2025\/05\/FIRMA-EDITORIAL-PD-7.jpg 1024w, https:\/\/noticiasveracruz.com\/wp-content\/uploads\/2025\/05\/FIRMA-EDITORIAL-PD-7-300x37.jpg 300w, https:\/\/noticiasveracruz.com\/wp-content\/uploads\/2025\/05\/FIRMA-EDITORIAL-PD-7-768x94.jpg 768w\" sizes=\"auto, (max-width: 1024px) 100vw, 1024px\" \/><\/p>\n","protected":false},"excerpt":{"rendered":"<p>La abogac\u00eda independiente y decente de la Rep\u00fablica d\u00eda con d\u00eda tienen la obligaci\u00f3n de estar dispuestos a reaccionar ante<\/p>\n","protected":false},"author":4,"featured_media":39651,"comment_status":"closed","ping_status":"closed","sticky":false,"template":"","format":"standard","meta":{"colormag_page_container_layout":"default_layout","colormag_page_sidebar_layout":"default_layout","_jetpack_memberships_contains_paid_content":false,"footnotes":"","jetpack_publicize_message":"","jetpack_publicize_feature_enabled":true,"jetpack_social_post_already_shared":true,"jetpack_social_options":{"image_generator_settings":{"template":"highway","default_image_id":0,"font":"","enabled":false},"version":2}},"categories":[6],"tags":[],"class_list":["post-56984","post","type-post","status-publish","format-standard","has-post-thumbnail","hentry","category-columnistas"],"jetpack_publicize_connections":[],"jetpack_featured_media_url":"https:\/\/noticiasveracruz.com\/wp-content\/uploads\/2024\/09\/NV-ALBERTO-WOOLRICH-2.jpg","jetpack_sharing_enabled":true,"publishpress_future_action":{"enabled":false,"date":"2026-05-07 23:55:35","action":"change-status","newStatus":"draft","terms":[],"taxonomy":"category","extraData":[]},"publishpress_future_workflow_manual_trigger":{"enabledWorkflows":[]},"_links":{"self":[{"href":"https:\/\/noticiasveracruz.com\/index.php\/wp-json\/wp\/v2\/posts\/56984","targetHints":{"allow":["GET"]}}],"collection":[{"href":"https:\/\/noticiasveracruz.com\/index.php\/wp-json\/wp\/v2\/posts"}],"about":[{"href":"https:\/\/noticiasveracruz.com\/index.php\/wp-json\/wp\/v2\/types\/post"}],"author":[{"embeddable":true,"href":"https:\/\/noticiasveracruz.com\/index.php\/wp-json\/wp\/v2\/users\/4"}],"replies":[{"embeddable":true,"href":"https:\/\/noticiasveracruz.com\/index.php\/wp-json\/wp\/v2\/comments?post=56984"}],"version-history":[{"count":0,"href":"https:\/\/noticiasveracruz.com\/index.php\/wp-json\/wp\/v2\/posts\/56984\/revisions"}],"wp:featuredmedia":[{"embeddable":true,"href":"https:\/\/noticiasveracruz.com\/index.php\/wp-json\/wp\/v2\/media\/39651"}],"wp:attachment":[{"href":"https:\/\/noticiasveracruz.com\/index.php\/wp-json\/wp\/v2\/media?parent=56984"}],"wp:term":[{"taxonomy":"category","embeddable":true,"href":"https:\/\/noticiasveracruz.com\/index.php\/wp-json\/wp\/v2\/categories?post=56984"},{"taxonomy":"post_tag","embeddable":true,"href":"https:\/\/noticiasveracruz.com\/index.php\/wp-json\/wp\/v2\/tags?post=56984"}],"curies":[{"name":"wp","href":"https:\/\/api.w.org\/{rel}","templated":true}]}}