{"id":56915,"date":"2025-05-21T00:01:07","date_gmt":"2025-05-21T06:01:07","guid":{"rendered":"https:\/\/noticiasveracruz.com\/?p=56915"},"modified":"2025-05-20T21:14:03","modified_gmt":"2025-05-21T03:14:03","slug":"veracruz-con-mas-incendios-forestales","status":"publish","type":"post","link":"https:\/\/noticiasveracruz.com\/index.php\/2025\/05\/21\/veracruz-con-mas-incendios-forestales\/","title":{"rendered":"Veracruz, con m\u00e1s  incendios forestales"},"content":{"rendered":"<p>Veracruz contin\u00faa entre las diez entidades del pa\u00eds con mayor n\u00famero de incendios forestales registrados entre enero y el 15 de mayo de 2025, seg\u00fan datos preliminares del reporte nacional oficial m\u00e1s reciente.<\/p>\n<p>El estado ocupa el d\u00e9cimo lugar con 107 incendios acumulados, por debajo de entidades como Estado de M\u00e9xico (751), Jalisco (672) y Michoac\u00e1n (581), que encabezan la lista.<\/p>\n<p>Adem\u00e1s del n\u00famero de siniestros, aument\u00f3 considerablemente la superficie afectada en Veracruz. A inicios de mayo eran 727 hect\u00e1reas y el \u00faltimo registro marca un ascenso a mil 787 hect\u00e1reas da\u00f1adas.<\/p>\n<p>A nivel nacional, se han reportado 4 mil 622 incendios forestales en las 32 entidades federativas, con una superficie afectada de 422 mil 100 hect\u00e1reas. El 95 por ciento del da\u00f1o se concentr\u00f3 en vegetaci\u00f3n herb\u00e1cea y arbustiva, y el 5 por ciento en zonas arboladas.<\/p>\n<p>Las diez entidades con mayor n\u00famero de incendios \u2014que concentran el 78 por ciento del total nacional\u2014 son: Estado de M\u00e9xico, Jalisco, Michoac\u00e1n, Ciudad de M\u00e9xico, Durango, Puebla, Chihuahua, Oaxaca, Chiapas y Veracruz.<\/p>\n<p>Del total de incendios registrados, el 21.83 por ciento fueron provocados de manera intencional. Por ello, la Secretar\u00eda de Protecci\u00f3n Civil de Veracruz reitera el llamado a evitar estas conductas y a reforzar la conciencia social.<\/p>\n<p>\u201cPrevenir es m\u00e1s f\u00e1cil\u201d, se\u00f1ala la dependencia, al advertir que provocar incendios forestales tiene consecuencias legales severas. M\u00e1s del 90 por ciento de los incendios tienen origen humano: desde descuidos hasta actos de vandalismo.<\/p>\n<p>Las quemas agropecuarias sin control siguen siendo la principal causa. Estas pr\u00e1cticas, al no contar con medidas de seguridad, suelen extenderse y desencadenar incendios de gran magnitud.<\/p>\n<p>El C\u00f3digo Penal del Estado de Veracruz establece en su art\u00edculo 259 penas de uno a seis a\u00f1os de prisi\u00f3n y multas de 300 a 500 d\u00edas de salario m\u00ednimo a quien provoque incendios en bosques, parques, barrancas y \u00e1reas forestales sin permisos o sin precauciones.<\/p>\n<p>La Secretar\u00eda exhorta a la poblaci\u00f3n a reportar cualquier incendio al 911. La respuesta r\u00e1pida puede salvar vidas, proteger ecosistemas y evitar sanciones legales para quienes causen estos da\u00f1os, enfatiza.<\/p>\n","protected":false},"excerpt":{"rendered":"<p>Veracruz contin\u00faa entre las diez entidades del pa\u00eds con mayor n\u00famero de incendios forestales registrados entre enero y el 15 de mayo de 2025, seg\u00fan datos preliminares del reporte nacional oficial m\u00e1s reciente. El estado ocupa el d\u00e9cimo lugar con 107 incendios acumulados, por debajo de entidades como Estado de M\u00e9xico (751), Jalisco (672) y [&hellip;]<\/p>\n","protected":false},"author":4,"featured_media":56916,"comment_status":"closed","ping_status":"closed","sticky":false,"template":"","format":"standard","meta":{"_jetpack_newsletter_access":"","_jetpack_dont_email_post_to_subs":false,"_jetpack_newsletter_tier_id":0,"_jetpack_memberships_contains_paywalled_content":false,"_jetpack_feature_clip_id":0,"_jetpack_memberships_contains_paid_content":false,"footnotes":"","jetpack_publicize_message":"","jetpack_publicize_feature_enabled":true,"jetpack_social_post_already_shared":true,"jetpack_social_options":{"image_generator_settings":{"template":"highway","default_image_id":0,"font":"","enabled":false},"version":2},"jetpack_post_was_ever_published":false},"categories":[356],"tags":[],"class_list":["post-56915","post","type-post","status-publish","format-standard","has-post-thumbnail","hentry","category-veracruz"],"jetpack_publicize_connections":[],"jetpack_sharing_enabled":true,"publishpress_future_action":{"enabled":false,"date":"2026-09-07 23:04:55","action":"change-status","newStatus":"draft","terms":[],"taxonomy":"category","extraData":[]},"publishpress_future_workflow_manual_trigger":{"enabledWorkflows":[]},"jetpack_featured_media_url":"https:\/\/noticiasveracruz.com\/wp-content\/uploads\/2025\/05\/8A-4.jpg","_links":{"self":[{"href":"https:\/\/noticiasveracruz.com\/index.php\/wp-json\/wp\/v2\/posts\/56915","targetHints":{"allow":["GET"]}}],"collection":[{"href":"https:\/\/noticiasveracruz.com\/index.php\/wp-json\/wp\/v2\/posts"}],"about":[{"href":"https:\/\/noticiasveracruz.com\/index.php\/wp-json\/wp\/v2\/types\/post"}],"author":[{"embeddable":true,"href":"https:\/\/noticiasveracruz.com\/index.php\/wp-json\/wp\/v2\/users\/4"}],"replies":[{"embeddable":true,"href":"https:\/\/noticiasveracruz.com\/index.php\/wp-json\/wp\/v2\/comments?post=56915"}],"version-history":[{"count":0,"href":"https:\/\/noticiasveracruz.com\/index.php\/wp-json\/wp\/v2\/posts\/56915\/revisions"}],"wp:featuredmedia":[{"embeddable":true,"href":"https:\/\/noticiasveracruz.com\/index.php\/wp-json\/wp\/v2\/media\/56916"}],"wp:attachment":[{"href":"https:\/\/noticiasveracruz.com\/index.php\/wp-json\/wp\/v2\/media?parent=56915"}],"wp:term":[{"taxonomy":"category","embeddable":true,"href":"https:\/\/noticiasveracruz.com\/index.php\/wp-json\/wp\/v2\/categories?post=56915"},{"taxonomy":"post_tag","embeddable":true,"href":"https:\/\/noticiasveracruz.com\/index.php\/wp-json\/wp\/v2\/tags?post=56915"}],"curies":[{"name":"wp","href":"https:\/\/api.w.org\/{rel}","templated":true}]}}