{"id":56907,"date":"2025-05-20T00:20:10","date_gmt":"2025-05-20T06:20:10","guid":{"rendered":"https:\/\/noticiasveracruz.com\/?p=56907"},"modified":"2025-05-19T21:20:29","modified_gmt":"2025-05-20T03:20:29","slug":"rusia-prohibe-actividades-de-amnistia-internacional-por-ser-una-organizacion-indeseable","status":"publish","type":"post","link":"https:\/\/noticiasveracruz.com\/index.php\/2025\/05\/20\/rusia-prohibe-actividades-de-amnistia-internacional-por-ser-una-organizacion-indeseable\/","title":{"rendered":"Rusia proh\u00edbe actividades de Amnist\u00eda Internacional por ser una organizaci\u00f3n \u00abindeseable\u00bb"},"content":{"rendered":"<div id=\"article-content-tts\" class=\"nota-contenido mb-5\">\n<div id=\"content_nitf\">\n<p class=\"nota-justify\">La fiscal\u00eda general de Rusia calific\u00f3 este lunes a la ONG Amnist\u00eda Internacional (AI) como una \u00aborganizaci\u00f3n indeseable\u00bb y prohibi\u00f3 sus actividades en el pa\u00eds, tras acusarla de apoyar a Ucrania.<\/p>\n<p class=\"nota-justify\">Por lo pronto, AI prometi\u00f3 \u00a0\u00abseguir trabajando\u00bb para defender los derechos humanos en Rusia. \u00abVamos a seguir trabajando sin descanso para garantizar que todos los responsables de graves violaciones de los derechos humanos, ya sea en Rusia, Ucrania o cualquier otro lugar, sean llevados ante la justicia\u00bb, escribi\u00f3 la organizaci\u00f3n con sede en Londres en un comunicado.<\/p>\n<p class=\"nota-justify\">Rusia ha ilegalizado decenas de organizaciones internacionales como parte de una campa\u00f1a de represi\u00f3n contra la disidencia y las cr\u00edticas, que se intensific\u00f3 desde que Mosc\u00fa lanz\u00f3 una ofensiva militar en Ucrania en febrero de 2022.<\/p>\n<p class=\"nota-justify\">\u00abLa sede de Londres de Amnist\u00eda Internacional es un centro de preparaci\u00f3n de planes rus\u00f3fobos a escala mundial, financiados por los c\u00f3mplices del r\u00e9gimen de Kiev\u00bb, afirm\u00f3 el fiscal general ruso en un comunicado.<\/p>\n<p class=\"nota-justify\">La fiscal\u00eda indic\u00f3 que AI \u00abha hecho todo lo posible para intensificar el enfrentamiento militar en la regi\u00f3n, justificando los cr\u00edmenes de los neonazis ucranianos, pidiendo m\u00e1s financiaci\u00f3n para ellos y apoyando el aislamiento pol\u00edtico y econ\u00f3mico\u00bb de Rusia.<\/p>\n<p class=\"nota-justify\">Ucrania, los pa\u00edses occidentales y expertos independientes rechazan las afirmaciones de Rusia de que libra una ofensiva para \u00abdesnazificar\u00bb Ucrania y tachan estas declaraciones como propaganda sin fundamento del Kremlin.<\/p>\n<p class=\"nota-justify\">Las autoridades rusas establecieron por primera vez una lista de organizaciones declaradas como \u00abindeseables\u00bb en 2015.<\/p>\n<p class=\"nota-justify\">Este estatuto implica la prohibici\u00f3n de funcionar y afecta a cerca de 223 organizaciones.<\/p>\n<p class=\"nota-justify\">Adem\u00e1s pone en riesgo a los ciudadanos rusos que trabajen en estas asociaciones, las financien o colaboren con ellas, ya que pueden ser objeto de multas y se enfrentan a duras penas de c\u00e1rcel.<\/p>\n<p class=\"nota-justify\">En su p\u00e1gina web, Amnist\u00eda Internacional califica la ofensiva militar de Rusia en Ucrania como una \u00abguerra de agresi\u00f3n\u00bb.<\/p>\n<p class=\"nota-justify\">Adem\u00e1s, esta ONG \u00a0denuncia que en Rusia \u00ablos derechos a la libertad de expresi\u00f3n, de reuni\u00f3n pac\u00edfica y de asociaci\u00f3n est\u00e1n severamente restringidos\u00bb y afirma que existe una \u00abpersecuci\u00f3n arbitraria\u00bb de grupos religiosos y organizaciones del colectivo LGBTQ, entre otros.<\/p>\n<\/div>\n<\/div>\n<div class=\"notas-relacionadas\"><\/div>\n<div class=\"nota-tags\"><\/div>\n","protected":false},"excerpt":{"rendered":"<p>La fiscal\u00eda general de Rusia calific\u00f3 este lunes a la ONG Amnist\u00eda Internacional (AI) como una \u00aborganizaci\u00f3n indeseable\u00bb y prohibi\u00f3<\/p>\n","protected":false},"author":4,"featured_media":56908,"comment_status":"closed","ping_status":"closed","sticky":false,"template":"","format":"standard","meta":{"colormag_page_container_layout":"default_layout","colormag_page_sidebar_layout":"default_layout","_jetpack_memberships_contains_paid_content":false,"footnotes":"","jetpack_publicize_message":"","jetpack_publicize_feature_enabled":true,"jetpack_social_post_already_shared":true,"jetpack_social_options":{"image_generator_settings":{"template":"highway","default_image_id":0,"font":"","enabled":false},"version":2}},"categories":[355],"tags":[],"class_list":["post-56907","post","type-post","status-publish","format-standard","has-post-thumbnail","hentry","category-internacional"],"jetpack_publicize_connections":[],"jetpack_featured_media_url":"https:\/\/noticiasveracruz.com\/wp-content\/uploads\/2025\/05\/AMNI.jpg","jetpack_sharing_enabled":true,"publishpress_future_action":{"enabled":false,"date":"2026-05-05 22:46:37","action":"change-status","newStatus":"draft","terms":[],"taxonomy":"category","extraData":[]},"publishpress_future_workflow_manual_trigger":{"enabledWorkflows":[]},"_links":{"self":[{"href":"https:\/\/noticiasveracruz.com\/index.php\/wp-json\/wp\/v2\/posts\/56907","targetHints":{"allow":["GET"]}}],"collection":[{"href":"https:\/\/noticiasveracruz.com\/index.php\/wp-json\/wp\/v2\/posts"}],"about":[{"href":"https:\/\/noticiasveracruz.com\/index.php\/wp-json\/wp\/v2\/types\/post"}],"author":[{"embeddable":true,"href":"https:\/\/noticiasveracruz.com\/index.php\/wp-json\/wp\/v2\/users\/4"}],"replies":[{"embeddable":true,"href":"https:\/\/noticiasveracruz.com\/index.php\/wp-json\/wp\/v2\/comments?post=56907"}],"version-history":[{"count":0,"href":"https:\/\/noticiasveracruz.com\/index.php\/wp-json\/wp\/v2\/posts\/56907\/revisions"}],"wp:featuredmedia":[{"embeddable":true,"href":"https:\/\/noticiasveracruz.com\/index.php\/wp-json\/wp\/v2\/media\/56908"}],"wp:attachment":[{"href":"https:\/\/noticiasveracruz.com\/index.php\/wp-json\/wp\/v2\/media?parent=56907"}],"wp:term":[{"taxonomy":"category","embeddable":true,"href":"https:\/\/noticiasveracruz.com\/index.php\/wp-json\/wp\/v2\/categories?post=56907"},{"taxonomy":"post_tag","embeddable":true,"href":"https:\/\/noticiasveracruz.com\/index.php\/wp-json\/wp\/v2\/tags?post=56907"}],"curies":[{"name":"wp","href":"https:\/\/api.w.org\/{rel}","templated":true}]}}