{"id":56856,"date":"2025-05-20T00:03:37","date_gmt":"2025-05-20T06:03:37","guid":{"rendered":"https:\/\/noticiasveracruz.com\/?p=56856"},"modified":"2025-05-19T19:55:19","modified_gmt":"2025-05-20T01:55:19","slug":"veracruz-destinara-el-fideicomiso-del-2-exclusivamente-a-promocion-turistica","status":"publish","type":"post","link":"https:\/\/noticiasveracruz.com\/index.php\/2025\/05\/20\/veracruz-destinara-el-fideicomiso-del-2-exclusivamente-a-promocion-turistica\/","title":{"rendered":"Veracruz destinar\u00e1 el Fideicomiso   del 2 % exclusivamente a promoci\u00f3n tur\u00edstica"},"content":{"rendered":"<p>Lo recaudado a trav\u00e9s del Fideicomiso del 2 por ciento al Hospedaje ser\u00e1 destinado de manera exclusiva a la promoci\u00f3n tur\u00edstica de Veracruz, anunci\u00f3 la gobernadora Roc\u00edo Nahle Garc\u00eda durante la Primera Sesi\u00f3n Ordinaria del Comit\u00e9 T\u00e9cnico del organismo.<\/p>\n<p>Esta decisi\u00f3n fortalece al estado como un destino de clase mundial mediante campa\u00f1as especializadas, participaci\u00f3n en ferias nacionales e internacionales y la realizaci\u00f3n de eventos de alto impacto.<\/p>\n<p>Uno de los proyectos estrat\u00e9gicos presentados fue el Encuentro Cultural Yolpaki, que aspira a consolidarse como una celebraci\u00f3n emblem\u00e1tica de las tradiciones veracruzanas, al nivel de la Guelaguetza de Oaxaca o Cumbre Taj\u00edn. \u201cVeracruz lo tiene todo, y con Yolpaki vamos a mostrarlo al mundo\u201d, expres\u00f3 la Mandataria.<\/p>\n<p>Durante la sesi\u00f3n tambi\u00e9n se formaliz\u00f3 la integraci\u00f3n de nuevos vocales titulares y suplentes del Comit\u00e9 T\u00e9cnico, representantes de las siete regiones tur\u00edsticas del estado y de diversas secretar\u00edas, quienes participar\u00e1n con voz y voto en la toma de decisiones sobre el uso de lo recaudado.<\/p>\n<p>El Fideicomiso P\u00fablico de Administraci\u00f3n e Inversi\u00f3n del Impuesto por la Prestaci\u00f3n de Servicios de Hospedaje tiene como finalidad recibir los recursos provenientes de este impuesto y destinarlos \u00fanica y exclusivamente a la promoci\u00f3n y difusi\u00f3n de las actividades tur\u00edsticas, conforme a los lineamientos establecidos.<\/p>\n","protected":false},"excerpt":{"rendered":"<p>Lo recaudado a trav\u00e9s del Fideicomiso del 2 por ciento al Hospedaje ser\u00e1 destinado de manera exclusiva a la promoci\u00f3n tur\u00edstica de Veracruz, anunci\u00f3 la gobernadora Roc\u00edo Nahle Garc\u00eda durante la Primera Sesi\u00f3n Ordinaria del Comit\u00e9 T\u00e9cnico del organismo. Esta decisi\u00f3n fortalece al estado como un destino de clase mundial mediante campa\u00f1as especializadas, participaci\u00f3n en [&hellip;]<\/p>\n","protected":false},"author":4,"featured_media":56857,"comment_status":"closed","ping_status":"closed","sticky":false,"template":"","format":"standard","meta":{"_jetpack_newsletter_access":"","_jetpack_dont_email_post_to_subs":false,"_jetpack_newsletter_tier_id":0,"_jetpack_memberships_contains_paywalled_content":false,"_jetpack_feature_clip_id":0,"_jetpack_memberships_contains_paid_content":false,"footnotes":"","jetpack_publicize_message":"","jetpack_publicize_feature_enabled":true,"jetpack_social_post_already_shared":true,"jetpack_social_options":{"image_generator_settings":{"template":"highway","default_image_id":0,"font":"","enabled":false},"version":2},"jetpack_post_was_ever_published":false},"categories":[356],"tags":[],"class_list":["post-56856","post","type-post","status-publish","format-standard","has-post-thumbnail","hentry","category-veracruz"],"jetpack_publicize_connections":[],"jetpack_sharing_enabled":true,"publishpress_future_action":{"enabled":false,"date":"2026-09-08 00:16:56","action":"change-status","newStatus":"draft","terms":[],"taxonomy":"category","extraData":[]},"publishpress_future_workflow_manual_trigger":{"enabledWorkflows":[]},"jetpack_featured_media_url":"https:\/\/noticiasveracruz.com\/wp-content\/uploads\/2025\/05\/8a-3.jpg","_links":{"self":[{"href":"https:\/\/noticiasveracruz.com\/index.php\/wp-json\/wp\/v2\/posts\/56856","targetHints":{"allow":["GET"]}}],"collection":[{"href":"https:\/\/noticiasveracruz.com\/index.php\/wp-json\/wp\/v2\/posts"}],"about":[{"href":"https:\/\/noticiasveracruz.com\/index.php\/wp-json\/wp\/v2\/types\/post"}],"author":[{"embeddable":true,"href":"https:\/\/noticiasveracruz.com\/index.php\/wp-json\/wp\/v2\/users\/4"}],"replies":[{"embeddable":true,"href":"https:\/\/noticiasveracruz.com\/index.php\/wp-json\/wp\/v2\/comments?post=56856"}],"version-history":[{"count":0,"href":"https:\/\/noticiasveracruz.com\/index.php\/wp-json\/wp\/v2\/posts\/56856\/revisions"}],"wp:featuredmedia":[{"embeddable":true,"href":"https:\/\/noticiasveracruz.com\/index.php\/wp-json\/wp\/v2\/media\/56857"}],"wp:attachment":[{"href":"https:\/\/noticiasveracruz.com\/index.php\/wp-json\/wp\/v2\/media?parent=56856"}],"wp:term":[{"taxonomy":"category","embeddable":true,"href":"https:\/\/noticiasveracruz.com\/index.php\/wp-json\/wp\/v2\/categories?post=56856"},{"taxonomy":"post_tag","embeddable":true,"href":"https:\/\/noticiasveracruz.com\/index.php\/wp-json\/wp\/v2\/tags?post=56856"}],"curies":[{"name":"wp","href":"https:\/\/api.w.org\/{rel}","templated":true}]}}