{"id":56791,"date":"2025-05-19T00:13:51","date_gmt":"2025-05-19T06:13:51","guid":{"rendered":"https:\/\/noticiasveracruz.com\/?p=56791"},"modified":"2025-05-18T20:44:04","modified_gmt":"2025-05-19T02:44:04","slug":"rescatan-en-tizimin-yucatan-a-8-migrantes-cubanos-tras-naufragar-su-embarcacion","status":"publish","type":"post","link":"https:\/\/noticiasveracruz.com\/index.php\/2025\/05\/19\/rescatan-en-tizimin-yucatan-a-8-migrantes-cubanos-tras-naufragar-su-embarcacion\/","title":{"rendered":"Rescatan en Tizim\u00edn, Yucat\u00e1n a 8 migrantes cubanos tras naufragar su embarcaci\u00f3n"},"content":{"rendered":"<p>Un total de ocho balseros cubanos -seis hombres y dos mujeres-, fueron rescatados este domingo por autoridades locales tras arribar al puerto de El Cuyo, municipio de Tizim\u00edn, luego de naufragar la embarcaci\u00f3n donde viajaban.<\/p>\n<p>De acuerdo con informaci\u00f3n de la Secretar\u00eda de Seguridad P\u00fablica (SSP), residentes del puerto El Cuyo reportaron la presencia del grupo de extranjeros en la zona costera.<\/p>\n<p>Agentes de la Polic\u00eda Municipal de Tizim\u00edn y de la SSP encontraron a los migrantes, quienes explicaron que salieron de Cuba con la intenci\u00f3n de llegar por mar a territorio estadunidense pero que su embarcaci\u00f3n se hundi\u00f3 durante la traves\u00eda frente a las costas yucatecas.<\/p>\n<p>Los ocho cubanos recibieron alimentos, atenci\u00f3n m\u00e9dica y asistencia de los uniformados. Algunos presentaban deshidrataci\u00f3n tras varios d\u00edas en altamar.<\/p>\n<p>Agentes del Instituto Nacional de Migraci\u00f3n (INM) se trasladaron a la base policiaca de Tizim\u00edn para hacerse cargo del grupo. Los ocho extranjeros fueron llevados a las instalaciones del INM en M\u00e9rida, donde se determinar\u00e1 su situaci\u00f3n migratoria conforme a la legislaci\u00f3n del pa\u00eds.<\/p>\n<p>En marzo de este a\u00f1o, un crucero de la compa\u00f1\u00eda Royal Caribbean rescat\u00f3 11 balseros cubanos en el Canal de Yucat\u00e1n. Los migrantes recibieron atenci\u00f3n m\u00e9dica, agua y alimentos y posteriormente trasladados a Cozumel, Quintana Roo.<\/p>\n","protected":false},"excerpt":{"rendered":"<p>Un total de ocho balseros cubanos -seis hombres y dos mujeres-, fueron rescatados este domingo por autoridades locales tras arribar al puerto de El Cuyo, municipio de Tizim\u00edn, luego de naufragar la embarcaci\u00f3n donde viajaban. De acuerdo con informaci\u00f3n de la Secretar\u00eda de Seguridad P\u00fablica (SSP), residentes del puerto El Cuyo reportaron la presencia del [&hellip;]<\/p>\n","protected":false},"author":4,"featured_media":56792,"comment_status":"closed","ping_status":"closed","sticky":false,"template":"","format":"standard","meta":{"_jetpack_newsletter_access":"","_jetpack_dont_email_post_to_subs":false,"_jetpack_newsletter_tier_id":0,"_jetpack_memberships_contains_paywalled_content":false,"_jetpack_feature_clip_id":0,"_jetpack_memberships_contains_paid_content":false,"footnotes":"","jetpack_publicize_message":"","jetpack_publicize_feature_enabled":true,"jetpack_social_post_already_shared":true,"jetpack_social_options":{"image_generator_settings":{"template":"highway","default_image_id":0,"font":"","enabled":false},"version":2},"jetpack_post_was_ever_published":false},"categories":[145],"tags":[],"class_list":["post-56791","post","type-post","status-publish","format-standard","has-post-thumbnail","hentry","category-estados"],"jetpack_publicize_connections":[],"jetpack_sharing_enabled":true,"publishpress_future_action":{"enabled":false,"date":"2026-09-08 01:42:31","action":"change-status","newStatus":"draft","terms":[],"taxonomy":"category","extraData":[]},"publishpress_future_workflow_manual_trigger":{"enabledWorkflows":[]},"jetpack_featured_media_url":"https:\/\/noticiasveracruz.com\/wp-content\/uploads\/2025\/05\/YUC.jpg","_links":{"self":[{"href":"https:\/\/noticiasveracruz.com\/index.php\/wp-json\/wp\/v2\/posts\/56791","targetHints":{"allow":["GET"]}}],"collection":[{"href":"https:\/\/noticiasveracruz.com\/index.php\/wp-json\/wp\/v2\/posts"}],"about":[{"href":"https:\/\/noticiasveracruz.com\/index.php\/wp-json\/wp\/v2\/types\/post"}],"author":[{"embeddable":true,"href":"https:\/\/noticiasveracruz.com\/index.php\/wp-json\/wp\/v2\/users\/4"}],"replies":[{"embeddable":true,"href":"https:\/\/noticiasveracruz.com\/index.php\/wp-json\/wp\/v2\/comments?post=56791"}],"version-history":[{"count":0,"href":"https:\/\/noticiasveracruz.com\/index.php\/wp-json\/wp\/v2\/posts\/56791\/revisions"}],"wp:featuredmedia":[{"embeddable":true,"href":"https:\/\/noticiasveracruz.com\/index.php\/wp-json\/wp\/v2\/media\/56792"}],"wp:attachment":[{"href":"https:\/\/noticiasveracruz.com\/index.php\/wp-json\/wp\/v2\/media?parent=56791"}],"wp:term":[{"taxonomy":"category","embeddable":true,"href":"https:\/\/noticiasveracruz.com\/index.php\/wp-json\/wp\/v2\/categories?post=56791"},{"taxonomy":"post_tag","embeddable":true,"href":"https:\/\/noticiasveracruz.com\/index.php\/wp-json\/wp\/v2\/tags?post=56791"}],"curies":[{"name":"wp","href":"https:\/\/api.w.org\/{rel}","templated":true}]}}