{"id":56733,"date":"2025-05-17T00:12:24","date_gmt":"2025-05-17T06:12:24","guid":{"rendered":"https:\/\/noticiasveracruz.com\/?p=56733"},"modified":"2025-05-16T22:09:16","modified_gmt":"2025-05-17T04:09:16","slug":"sigue-el-deterioro-de-la-confianza-de-consumidores-de-eu-en-mayo","status":"publish","type":"post","link":"https:\/\/noticiasveracruz.com\/index.php\/2025\/05\/17\/sigue-el-deterioro-de-la-confianza-de-consumidores-de-eu-en-mayo\/","title":{"rendered":"Sigue el deterioro de la confianza de consumidores de EU en mayo"},"content":{"rendered":"<p class=\"nota-justify\">La confianza de los consumidores estadunidenses se desplom\u00f3 a\u00fan m\u00e1s en mayo, mientras que las expectativas de inflaci\u00f3n a un a\u00f1o aumentaron, ya que los hogares siguen preocupados por el impacto econ\u00f3mico de la agresiva y a menudo err\u00e1tica pol\u00edtica comercial del presidente Donald Trump.<\/p>\n<p class=\"nota-justify\">La Encuesta a los Consumidores de la Universidad de Michigan mostr\u00f3 este viernes que su \u00cdndice de Confianza del Consumidor cay\u00f3 a 50.8 este mes, desde una lectura final de 52.2 en abril. Los economistas encuestados por\u00a0<i>Reuters<\/i>\u00a0hab\u00edan previsto que el \u00edndice subiera a 53.4.<\/p>\n<p class=\"nota-justify\">\u00abLos aranceles fueron mencionados de forma espont\u00e1nea por casi tres cuartas partes de los consumidores, frente a casi 60 por ciento en abril; la incertidumbre sobre la pol\u00edtica comercial sigue dominando el pensamiento de los consumidores sobre la econom\u00eda\u00bb, dijo la directora del sondeo, Joanne Hsu.<\/p>\n<p class=\"nota-justify\">\u00abEl leve aumento de la confianza este mes entre los independientes se vio compensado por un descenso de 7 por ciento entre los republicanos\u00bb, agreg\u00f3.<\/p>\n<p class=\"nota-justify\">Las expectativas de inflaci\u00f3n a 12 meses de los consumidores subieron a 7.3 por ciento desde 6.5 por ciento de abril. Tanto dem\u00f3cratas como republicanos anticiparon una mayor inflaci\u00f3n a corto plazo.<\/p>\n","protected":false},"excerpt":{"rendered":"<p>La confianza de los consumidores estadunidenses se desplom\u00f3 a\u00fan m\u00e1s en mayo, mientras que las expectativas de inflaci\u00f3n a un a\u00f1o aumentaron, ya que los hogares siguen preocupados por el impacto econ\u00f3mico de la agresiva y a menudo err\u00e1tica pol\u00edtica comercial del presidente Donald Trump. La Encuesta a los Consumidores de la Universidad de Michigan [&hellip;]<\/p>\n","protected":false},"author":4,"featured_media":56734,"comment_status":"closed","ping_status":"closed","sticky":false,"template":"","format":"standard","meta":{"_jetpack_newsletter_access":"","_jetpack_dont_email_post_to_subs":false,"_jetpack_newsletter_tier_id":0,"_jetpack_memberships_contains_paywalled_content":false,"_jetpack_feature_clip_id":0,"_jetpack_memberships_contains_paid_content":false,"footnotes":"","jetpack_publicize_message":"","jetpack_publicize_feature_enabled":true,"jetpack_social_post_already_shared":true,"jetpack_social_options":{"image_generator_settings":{"template":"highway","default_image_id":0,"font":"","enabled":false},"version":2},"jetpack_post_was_ever_published":false},"categories":[1947],"tags":[],"class_list":["post-56733","post","type-post","status-publish","format-standard","has-post-thumbnail","hentry","category-economia"],"jetpack_publicize_connections":[],"jetpack_sharing_enabled":true,"publishpress_future_action":{"enabled":false,"date":"2026-09-08 02:21:49","action":"change-status","newStatus":"draft","terms":[],"taxonomy":"category","extraData":[]},"publishpress_future_workflow_manual_trigger":{"enabledWorkflows":[]},"jetpack_featured_media_url":"https:\/\/noticiasveracruz.com\/wp-content\/uploads\/2025\/05\/CONSUUU.jpg","_links":{"self":[{"href":"https:\/\/noticiasveracruz.com\/index.php\/wp-json\/wp\/v2\/posts\/56733","targetHints":{"allow":["GET"]}}],"collection":[{"href":"https:\/\/noticiasveracruz.com\/index.php\/wp-json\/wp\/v2\/posts"}],"about":[{"href":"https:\/\/noticiasveracruz.com\/index.php\/wp-json\/wp\/v2\/types\/post"}],"author":[{"embeddable":true,"href":"https:\/\/noticiasveracruz.com\/index.php\/wp-json\/wp\/v2\/users\/4"}],"replies":[{"embeddable":true,"href":"https:\/\/noticiasveracruz.com\/index.php\/wp-json\/wp\/v2\/comments?post=56733"}],"version-history":[{"count":0,"href":"https:\/\/noticiasveracruz.com\/index.php\/wp-json\/wp\/v2\/posts\/56733\/revisions"}],"wp:featuredmedia":[{"embeddable":true,"href":"https:\/\/noticiasveracruz.com\/index.php\/wp-json\/wp\/v2\/media\/56734"}],"wp:attachment":[{"href":"https:\/\/noticiasveracruz.com\/index.php\/wp-json\/wp\/v2\/media?parent=56733"}],"wp:term":[{"taxonomy":"category","embeddable":true,"href":"https:\/\/noticiasveracruz.com\/index.php\/wp-json\/wp\/v2\/categories?post=56733"},{"taxonomy":"post_tag","embeddable":true,"href":"https:\/\/noticiasveracruz.com\/index.php\/wp-json\/wp\/v2\/tags?post=56733"}],"curies":[{"name":"wp","href":"https:\/\/api.w.org\/{rel}","templated":true}]}}