{"id":56721,"date":"2025-05-17T00:08:05","date_gmt":"2025-05-17T06:08:05","guid":{"rendered":"https:\/\/noticiasveracruz.com\/?p=56721"},"modified":"2025-05-16T21:58:51","modified_gmt":"2025-05-17T03:58:51","slug":"trevilla-y-harfuch-supervisan-despliegue-de-seguridad-en-guanajuato","status":"publish","type":"post","link":"https:\/\/noticiasveracruz.com\/index.php\/2025\/05\/17\/trevilla-y-harfuch-supervisan-despliegue-de-seguridad-en-guanajuato\/","title":{"rendered":"Trevilla y Harfuch supervisan despliegue de seguridad en Guanajuato"},"content":{"rendered":"<p>Los secretarios de la Defensa Nacional (Defensa) y de la Secretar\u00eda de Seguridad y Protecci\u00f3n Ciudadana (SSPC), el general Ricardo Trevilla Trejo y Omar Garc\u00eda Harfuch, realizan una gira de trabajo al estado de Guanajuato \u2013una de las entidades con mayor n\u00famero de homicidios y actos de violencia por parte de organizaciones delictivas\u2013, para supervisar y evaluar la estrategia de seguridad.<\/p>\n<p>La SSPC inform\u00f3 que por instrucciones de la presidenta Claudia Sheinbaum, se realiza esta \u201csegunda supervisi\u00f3n del despliegue de seguridad en el estado de Guanajuato\u201d.<\/p>\n<p>Se debe mencionar que desde el pasado mes de marzo \u201cy resultado de las detenciones efectuadas por las secretar\u00eda de la Defensa, SSPC, de Marina-Armada de M\u00e9xico (Semar) y la Fiscal\u00eda General de la Rep\u00fablica (FGR),\u00a0\u00a0los homicidios han bajado en m\u00e1s del 40 por ciento y van m\u00e1s de 2 mil detenidos\u201d, en la presente administraci\u00f3n, refiri\u00f3 la SSPC.<\/p>\n","protected":false},"excerpt":{"rendered":"<p>Los secretarios de la Defensa Nacional (Defensa) y de la Secretar\u00eda de Seguridad y Protecci\u00f3n Ciudadana (SSPC), el general Ricardo Trevilla Trejo y Omar Garc\u00eda Harfuch, realizan una gira de trabajo al estado de Guanajuato \u2013una de las entidades con mayor n\u00famero de homicidios y actos de violencia por parte de organizaciones delictivas\u2013, para supervisar [&hellip;]<\/p>\n","protected":false},"author":4,"featured_media":56722,"comment_status":"closed","ping_status":"closed","sticky":false,"template":"","format":"standard","meta":{"_jetpack_newsletter_access":"","_jetpack_dont_email_post_to_subs":false,"_jetpack_newsletter_tier_id":0,"_jetpack_memberships_contains_paywalled_content":false,"_jetpack_feature_clip_id":0,"_jetpack_memberships_contains_paid_content":false,"footnotes":"","jetpack_publicize_message":"","jetpack_publicize_feature_enabled":true,"jetpack_social_post_already_shared":true,"jetpack_social_options":{"image_generator_settings":{"template":"highway","default_image_id":0,"font":"","enabled":false},"version":2},"jetpack_post_was_ever_published":false},"categories":[4],"tags":[],"class_list":["post-56721","post","type-post","status-publish","format-standard","has-post-thumbnail","hentry","category-nacional"],"jetpack_publicize_connections":[],"jetpack_sharing_enabled":true,"publishpress_future_action":{"enabled":false,"date":"2026-09-09 05:44:11","action":"change-status","newStatus":"draft","terms":[],"taxonomy":"category","extraData":[]},"publishpress_future_workflow_manual_trigger":{"enabledWorkflows":[]},"jetpack_featured_media_url":"https:\/\/noticiasveracruz.com\/wp-content\/uploads\/2025\/05\/DEJOS.jpg","_links":{"self":[{"href":"https:\/\/noticiasveracruz.com\/index.php\/wp-json\/wp\/v2\/posts\/56721","targetHints":{"allow":["GET"]}}],"collection":[{"href":"https:\/\/noticiasveracruz.com\/index.php\/wp-json\/wp\/v2\/posts"}],"about":[{"href":"https:\/\/noticiasveracruz.com\/index.php\/wp-json\/wp\/v2\/types\/post"}],"author":[{"embeddable":true,"href":"https:\/\/noticiasveracruz.com\/index.php\/wp-json\/wp\/v2\/users\/4"}],"replies":[{"embeddable":true,"href":"https:\/\/noticiasveracruz.com\/index.php\/wp-json\/wp\/v2\/comments?post=56721"}],"version-history":[{"count":0,"href":"https:\/\/noticiasveracruz.com\/index.php\/wp-json\/wp\/v2\/posts\/56721\/revisions"}],"wp:featuredmedia":[{"embeddable":true,"href":"https:\/\/noticiasveracruz.com\/index.php\/wp-json\/wp\/v2\/media\/56722"}],"wp:attachment":[{"href":"https:\/\/noticiasveracruz.com\/index.php\/wp-json\/wp\/v2\/media?parent=56721"}],"wp:term":[{"taxonomy":"category","embeddable":true,"href":"https:\/\/noticiasveracruz.com\/index.php\/wp-json\/wp\/v2\/categories?post=56721"},{"taxonomy":"post_tag","embeddable":true,"href":"https:\/\/noticiasveracruz.com\/index.php\/wp-json\/wp\/v2\/tags?post=56721"}],"curies":[{"name":"wp","href":"https:\/\/api.w.org\/{rel}","templated":true}]}}