{"id":56712,"date":"2025-05-17T00:05:53","date_gmt":"2025-05-17T06:05:53","guid":{"rendered":"https:\/\/noticiasveracruz.com\/?p=56712"},"modified":"2025-05-16T21:46:41","modified_gmt":"2025-05-17T03:46:41","slug":"avances-en-materia-de-dh-no-pueden-detenerse-ni-retroceder-monica-soto","status":"publish","type":"post","link":"https:\/\/noticiasveracruz.com\/index.php\/2025\/05\/17\/avances-en-materia-de-dh-no-pueden-detenerse-ni-retroceder-monica-soto\/","title":{"rendered":"Avances en materia de DH no pueden detenerse ni retroceder: M\u00f3nica Soto"},"content":{"rendered":"<p class=\"nota-justify\">Los avances en materia de derechos humanos no pueden detenerse y menos retroceder, dijo M\u00f3nica Soto, presidenta del Tribunal Electoral del Poder Judicial de la Federaci\u00f3n (TEPJF).<\/p>\n<p class=\"nota-justify\">Al participar en la Asamblea de la Red Mundial de Justicia Electoral, realizada en Medell\u00edn, Colombia, destac\u00f3 que la defensa de los derechos humanos est\u00e1 estrechamente vinculada a la b\u00fasqueda de la democracia sustantiva e igualitaria, en la que quepan todas las personas.<\/p>\n<p class=\"nota-justify\">En M\u00e9xico la jurisprudencia desarrollada por el Tribunal Electoral ha rebasado incluso los preceptos plasmados en la Constituci\u00f3n, dijo.<\/p>\n<p class=\"nota-justify\">En ese sentido llam\u00f3 a fortalecer el poder de cambio que tienen las personas juzgadoras y quienes trabajan en las instituciones democr\u00e1ticas para cambiar de manera real e inmediata una realidad de desigualdad.<\/p>\n<p class=\"nota-justify\">Ante representantes de 21 autoridades electorales del mundo que integran la Red, la magistrada present\u00f3 la Metodolog\u00eda de Observaci\u00f3n Electoral Jurisdiccional con Perspectiva de G\u00e9nero, la cual, asegur\u00f3, es \u00fanica a nivel mundial porque analiza el desarrollo de los comicios en sus diferentes etapas y el dise\u00f1o de los \u00f3rganos impartidores de justicia electoral, su desempe\u00f1o y sus resoluciones.<\/p>\n<p class=\"nota-justify\">A\u00f1adi\u00f3 que esta metodolog\u00eda hace \u00e9nfasis en el acceso igualitario a la participaci\u00f3n pol\u00edtica, en la violencia pol\u00edtica de g\u00e9nero y en el an\u00e1lisis integral de la autoridad jurisdiccional con perspectiva de g\u00e9nero.<\/p>\n","protected":false},"excerpt":{"rendered":"<p>Los avances en materia de derechos humanos no pueden detenerse y menos retroceder, dijo M\u00f3nica Soto, presidenta del Tribunal Electoral del Poder Judicial de la Federaci\u00f3n (TEPJF). Al participar en la Asamblea de la Red Mundial de Justicia Electoral, realizada en Medell\u00edn, Colombia, destac\u00f3 que la defensa de los derechos humanos est\u00e1 estrechamente vinculada a [&hellip;]<\/p>\n","protected":false},"author":4,"featured_media":56713,"comment_status":"closed","ping_status":"closed","sticky":false,"template":"","format":"standard","meta":{"_jetpack_newsletter_access":"","_jetpack_dont_email_post_to_subs":false,"_jetpack_newsletter_tier_id":0,"_jetpack_memberships_contains_paywalled_content":false,"_jetpack_feature_clip_id":0,"_jetpack_memberships_contains_paid_content":false,"footnotes":"","jetpack_publicize_message":"","jetpack_publicize_feature_enabled":true,"jetpack_social_post_already_shared":true,"jetpack_social_options":{"image_generator_settings":{"template":"highway","default_image_id":0,"font":"","enabled":false},"version":2},"jetpack_post_was_ever_published":false},"categories":[4],"tags":[],"class_list":["post-56712","post","type-post","status-publish","format-standard","has-post-thumbnail","hentry","category-nacional"],"jetpack_publicize_connections":[],"jetpack_sharing_enabled":true,"publishpress_future_action":{"enabled":false,"date":"2026-09-09 05:41:53","action":"change-status","newStatus":"draft","terms":[],"taxonomy":"category","extraData":[]},"publishpress_future_workflow_manual_trigger":{"enabledWorkflows":[]},"jetpack_featured_media_url":"https:\/\/noticiasveracruz.com\/wp-content\/uploads\/2025\/05\/MONI.jpg","_links":{"self":[{"href":"https:\/\/noticiasveracruz.com\/index.php\/wp-json\/wp\/v2\/posts\/56712","targetHints":{"allow":["GET"]}}],"collection":[{"href":"https:\/\/noticiasveracruz.com\/index.php\/wp-json\/wp\/v2\/posts"}],"about":[{"href":"https:\/\/noticiasveracruz.com\/index.php\/wp-json\/wp\/v2\/types\/post"}],"author":[{"embeddable":true,"href":"https:\/\/noticiasveracruz.com\/index.php\/wp-json\/wp\/v2\/users\/4"}],"replies":[{"embeddable":true,"href":"https:\/\/noticiasveracruz.com\/index.php\/wp-json\/wp\/v2\/comments?post=56712"}],"version-history":[{"count":0,"href":"https:\/\/noticiasveracruz.com\/index.php\/wp-json\/wp\/v2\/posts\/56712\/revisions"}],"wp:featuredmedia":[{"embeddable":true,"href":"https:\/\/noticiasveracruz.com\/index.php\/wp-json\/wp\/v2\/media\/56713"}],"wp:attachment":[{"href":"https:\/\/noticiasveracruz.com\/index.php\/wp-json\/wp\/v2\/media?parent=56712"}],"wp:term":[{"taxonomy":"category","embeddable":true,"href":"https:\/\/noticiasveracruz.com\/index.php\/wp-json\/wp\/v2\/categories?post=56712"},{"taxonomy":"post_tag","embeddable":true,"href":"https:\/\/noticiasveracruz.com\/index.php\/wp-json\/wp\/v2\/tags?post=56712"}],"curies":[{"name":"wp","href":"https:\/\/api.w.org\/{rel}","templated":true}]}}