{"id":5669,"date":"2022-06-29T06:00:30","date_gmt":"2022-06-29T11:00:30","guid":{"rendered":"https:\/\/noticiasveracruz.com\/?p=5669"},"modified":"2022-06-29T07:06:18","modified_gmt":"2022-06-29T12:06:18","slug":"el-reino-de-la-mediocridad","status":"publish","type":"post","link":"https:\/\/noticiasveracruz.com\/index.php\/2022\/06\/29\/el-reino-de-la-mediocridad\/","title":{"rendered":"El reino de la mediocridad"},"content":{"rendered":"<p class=\"p1\"><strong><span style=\"font-size: 18pt;\">Por Aurelio Contreras Moreno<\/span><\/strong><\/p>\n<p class=\"p1\"><span style=\"font-size: 14pt;\">M\u00e1s que acreditada est\u00e1 la compulsi\u00f3n del r\u00e9gimen de la mal llamada \u201ccuarta transformaci\u00f3n\u201d por revisitar el conocimiento cient\u00edfico y acad\u00e9mico para acomodarlo a sus prejuicios y taras ideol\u00f3gicas.<\/span><\/p>\n<p class=\"p1\"><span style=\"font-size: 14pt;\">El desmantelamiento del Centro para la Investigaci\u00f3n y Docencia Econ\u00f3micas (CIDE) \u2013instituci\u00f3n que fue de excelencia y contra la cual el actual r\u00e9gimen ha actuado con particular sa\u00f1a, con todo y que muchos de sus alumnos y profesores apoyaron en 2018 a L\u00f3pez Obrador- ha sido la punta de lanza de una incre\u00edble andanada anticient\u00edfica para imponer visiones anacr\u00f3nicas, ideologizadas e inmensamente obcecadas y radicales del quehacer acad\u00e9mico.<\/span><\/p>\n<p class=\"p1\"><span style=\"font-size: 14pt;\">Esas posturas pasan invariablemente por el autoritarismo rampl\u00f3n y los ataques sistem\u00e1ticos a la libertad de c\u00e1tedra cuando se manifiestan ideas que no se ajustan a la nueva versi\u00f3n oficial de la \u201cverdad cient\u00edfica\u201d, como ha sido el caso del propio CIDE y de otras instituciones donde la represi\u00f3n a quien disiente del pensamiento \u00fanico es notoria y aberrante.<\/span><\/p>\n<p class=\"p1\"><span style=\"font-size: 14pt;\">En este mismo espacio fue referido la semana pasada el caso de El Colegio de Veracruz, donde su neomoreno rector Mario Ra\u00fal Mijares S\u00e1nchez, agredi\u00f3 a tres acad\u00e9micos en redes sociales por disentir con ellos, en lugar de debatir los puntos de vista que expusieron durante un conversatorio celebrado en sus instalaciones para \u201ccelebrar\u201d el vig\u00e9simo de la instituci\u00f3n, reducida hoy a un triste y trasnochado reducto de adoctrinamiento lopezobradorista.<\/span><\/p>\n<p class=\"p1\"><span style=\"font-size: 14pt;\">La conducta intolerante de Mijares S\u00e1nchez provoc\u00f3 la renuncia a la instituci\u00f3n de dos de los agredidos, los fil\u00f3sofos Julio Quesada y Adolfo Garc\u00eda de la Sienra \u2013a quienes el rector impuesto por Cuitl\u00e1huac Garc\u00eda tild\u00f3 de \u201cpatriarcas de la falsa consciencia\u201d-, y la cancelaci\u00f3n de una conferencia que el acad\u00e9mico de El Colegio de M\u00e9xico y doctorado en Oxford, Francisco Gil Villegas, impartir\u00eda el pr\u00f3ximo 8 de julio. \u201cNo deseo una confrontaci\u00f3n con actitudes anti acad\u00e9micas como las que tuvo recientemente Mijares y tampoco me parece conveniente convalidar esas actitudes con mi participaci\u00f3n en los actos mencionados\u201d, manifest\u00f3 al informar de su declinaci\u00f3n.<\/span><\/p>\n<p class=\"p1\"><span style=\"font-size: 14pt;\">Sin embargo, la voz cantante de esta regresi\u00f3n antiacad\u00e9mica -una m\u00e1s entre todas las regresiones que ha provocado la \u201c4t\u201d- la lleva la directora del Conacyt, Mar\u00eda Elena \u00c1lvarez Buylla Roces, quien a nivel federal es la responsable del desmantelamiento del sistema de investigaci\u00f3n educativa superior de excelencia que cost\u00f3 d\u00e9cadas construir, y al que ataca desde un fanatismo radical contra todo lo que desde su limitada y resentida perspectiva le suene \u201cprivatizador\u201d.<\/span><\/p>\n<p class=\"p1\"><span style=\"font-size: 14pt;\">Son tan grandes los prejuicios de \u00c1lvarez Buylla \u2013los cuales no le impidieron recibir en 2017 el Premio Nacional de Ciencias de manos de Enrique Pe\u00f1a Nieto, claro- que afirm\u00f3 que existen muchos posgrados de \u201ccuestionable calidad\u201d y que \u00e1reas como administraci\u00f3n, finanzas, mercadotecnia y comercio internacional fueron favorecidas de manera indiscriminada, as\u00ed como ciencias ambientales y sustentabilidad, \u201ccon un enfoque muy privatizador\u201d.\u00a0<\/span><\/p>\n<p class=\"p1\"><span style=\"font-size: 14pt;\">Si \u00c1lvarez Buylla ya hab\u00eda convertido al Sistema Nacional de Investigadores y a los centros p\u00fablicos de investigaci\u00f3n en una agencia de colocaciones de intereses pol\u00edticos y cofrades de militancia, su nueva \u201cestrategia\u201d es aplicarles la misma l\u00f3gica clientelar con la que el gobierno al que sirve mantiene la adhesi\u00f3n de buena parte de la poblaci\u00f3n.<\/span><\/p>\n<p class=\"p1\"><span style=\"font-size: 14pt;\">La directora del Conacyt anunci\u00f3 las nuevas directrices para el otorgamiento de becas del organismo, para las cuales \u201cya no existir\u00e1n m\u00e1s indicadores cuantitativos, productivistas y excluyentes, y tampoco evaluaciones tortuosas y burocr\u00e1ticas que nos desv\u00eden de lo importante\u201d.<\/span><\/p>\n<p class=\"p1\"><span style=\"font-size: 14pt;\">Las implicaciones de esta decisi\u00f3n son monstruosas. Sin indicadores ni evaluaciones, el otorgamiento de los recursos para investigaci\u00f3n y el acceso a los est\u00edmulos acad\u00e9micos quedar\u00e1 sujeto a (la falta de) criterio del Conacyt, que con ello simple y llanamente renuncia a hacer ciencia, pues sus directivos decidir\u00e1n qu\u00e9 s\u00ed lo es y qu\u00e9 no. Por sus reverendas g\u00f3nadas.<\/span><\/p>\n<p class=\"p1\"><span style=\"font-size: 14pt;\">O dicho de otra manera: bienvenidos a la era del abaratamiento del conocimiento, de las becas por \u201cdedazo\u201d y de la entrega de recursos para proyectos solo a los \u201cfieles\u201d de la \u201c4t\u201d y a quienes acepten sin chistar sus fantocher\u00edas, su cerraz\u00f3n ideol\u00f3gica y sus delirios pseudocient\u00edficos.<\/span><\/p>\n<p class=\"p1\"><span style=\"font-size: 14pt;\">El reino de la mediocridad, por si alguna desgracia le faltara a este pa\u00eds. \u00bfSe atrever\u00e1 la comunidad cient\u00edfica y acad\u00e9mica a hacer algo?<\/span><\/p>\n<p>&nbsp;<\/p>\n<p class=\"p1\"><span style=\"font-size: 18pt;\"><strong>Correo: <a href=\"mailto:aureliocontreras@gmail.com\">aureliocontreras@gmail.com<\/a><\/strong><\/span><\/p>\n<p class=\"p1\"><span style=\"font-size: 18pt;\"><strong>Twitter: <a href=\"http:\/\/www.twitter.com\/yeyocontreras\">@yeyocontreras<\/a><\/strong><\/span><\/p>\n<p>&nbsp;<\/p>\n<p><span style=\"font-size: 18pt; color: #04bcd9;\"><em><strong>**Las columnas firmadas en este medio son responsabilidad de quienes las firman**<\/strong><\/em><\/span><\/p>\n<p>&nbsp;<\/p>\n<p>&nbsp;<\/p>\n<p>&nbsp;<\/p>\n","protected":false},"excerpt":{"rendered":"<p>Por Aurelio Contreras Moreno M\u00e1s que acreditada est\u00e1 la compulsi\u00f3n del r\u00e9gimen de la mal llamada \u201ccuarta transformaci\u00f3n\u201d por revisitar<\/p>\n","protected":false},"author":4,"featured_media":3578,"comment_status":"closed","ping_status":"closed","sticky":false,"template":"","format":"standard","meta":{"colormag_page_container_layout":"default_layout","colormag_page_sidebar_layout":"default_layout","_jetpack_memberships_contains_paid_content":false,"footnotes":"","jetpack_publicize_message":"","jetpack_publicize_feature_enabled":true,"jetpack_social_post_already_shared":false,"jetpack_social_options":{"image_generator_settings":{"template":"highway","default_image_id":0,"font":"","enabled":false},"version":2}},"categories":[6],"tags":[],"class_list":["post-5669","post","type-post","status-publish","format-standard","has-post-thumbnail","hentry","category-columnistas"],"jetpack_publicize_connections":[],"jetpack_featured_media_url":"https:\/\/noticiasveracruz.com\/wp-content\/uploads\/2022\/04\/P-AURELIO-CONTRERAS.png","jetpack_sharing_enabled":true,"publishpress_future_action":{"enabled":false,"date":"2026-05-08 18:32:56","action":"change-status","newStatus":"draft","terms":[],"taxonomy":"category","extraData":[]},"publishpress_future_workflow_manual_trigger":{"enabledWorkflows":[]},"_links":{"self":[{"href":"https:\/\/noticiasveracruz.com\/index.php\/wp-json\/wp\/v2\/posts\/5669","targetHints":{"allow":["GET"]}}],"collection":[{"href":"https:\/\/noticiasveracruz.com\/index.php\/wp-json\/wp\/v2\/posts"}],"about":[{"href":"https:\/\/noticiasveracruz.com\/index.php\/wp-json\/wp\/v2\/types\/post"}],"author":[{"embeddable":true,"href":"https:\/\/noticiasveracruz.com\/index.php\/wp-json\/wp\/v2\/users\/4"}],"replies":[{"embeddable":true,"href":"https:\/\/noticiasveracruz.com\/index.php\/wp-json\/wp\/v2\/comments?post=5669"}],"version-history":[{"count":0,"href":"https:\/\/noticiasveracruz.com\/index.php\/wp-json\/wp\/v2\/posts\/5669\/revisions"}],"wp:featuredmedia":[{"embeddable":true,"href":"https:\/\/noticiasveracruz.com\/index.php\/wp-json\/wp\/v2\/media\/3578"}],"wp:attachment":[{"href":"https:\/\/noticiasveracruz.com\/index.php\/wp-json\/wp\/v2\/media?parent=5669"}],"wp:term":[{"taxonomy":"category","embeddable":true,"href":"https:\/\/noticiasveracruz.com\/index.php\/wp-json\/wp\/v2\/categories?post=5669"},{"taxonomy":"post_tag","embeddable":true,"href":"https:\/\/noticiasveracruz.com\/index.php\/wp-json\/wp\/v2\/tags?post=5669"}],"curies":[{"name":"wp","href":"https:\/\/api.w.org\/{rel}","templated":true}]}}