{"id":56636,"date":"2025-05-16T00:01:21","date_gmt":"2025-05-16T06:01:21","guid":{"rendered":"https:\/\/noticiasveracruz.com\/?p=56636"},"modified":"2025-05-15T21:21:15","modified_gmt":"2025-05-16T03:21:15","slug":"pri-suspende-giras-en-veracruz","status":"publish","type":"post","link":"https:\/\/noticiasveracruz.com\/index.php\/2025\/05\/16\/pri-suspende-giras-en-veracruz\/","title":{"rendered":"PRI suspende giras en Veracruz"},"content":{"rendered":"<p>El dirigente nacional del Partido Revolucionario Institucional (PRI), Alejandro Moreno C\u00e1rdenas, confirm\u00f3 la suspensi\u00f3n de giras proselitistas de sus candidatas y candidatos en el estado de Veracruz, tras los hechos violentos registrados en la sede del partido.<\/p>\n<p>Moreno conden\u00f3 el ataque ocurrido en el Comit\u00e9 Directivo Estatal del PRI, donde personas no identificadas vandalizaron el inmueble, rompieron ventanas, incendiaron veh\u00edculos y agredieron a colaboradores del partido.<span id=\"_GoBack\"><\/span><\/p>\n<p>\u201cCondenamos con toda firmeza los ataques cobardes contra las instalaciones y el personal del PRI en Veracruz\u201d, expres\u00f3 a trav\u00e9s de sus redes sociales. El l\u00edder del tricolor consider\u00f3 que los hechos son evidencia del clima de inseguridad que impera en la entidad y anunci\u00f3 la cancelaci\u00f3n temporal de las actividades proselitistas:<\/p>\n<p>\u201cNo vamos a poner en riesgo la integridad del priismo, de la ciudadan\u00eda ni de nuestras y nuestros candidatos\u201d.<\/p>\n<p>Moreno C\u00e1rdenas expres\u00f3 su respaldo a la militancia priista en Veracruz y asegur\u00f3 que no est\u00e1n solos. \u201cLa ola de violencia e inseguridad tiene a Veracruz completamente cooptado\u201d, afirm\u00f3.<\/p>\n<p>Asegur\u00f3 que las agresiones obedecen al avance electoral que ha tenido su partido en el estado:<\/p>\n<p>\u201cTienen miedo porque saben que el PRI va a ganar. Porque saben que vamos con todo, que estamos m\u00e1s unidos y m\u00e1s decididos que nunca\u201d.<\/p>\n<p>Finalmente, el PRI hizo un llamado a las autoridades a investigar los hechos y a garantizar condiciones de seguridad para el desarrollo del proceso electoral.<\/p>\n","protected":false},"excerpt":{"rendered":"<p>El dirigente nacional del Partido Revolucionario Institucional (PRI), Alejandro Moreno C\u00e1rdenas, confirm\u00f3 la suspensi\u00f3n de giras proselitistas de sus candidatas y candidatos en el estado de Veracruz, tras los hechos violentos registrados en la sede del partido. Moreno conden\u00f3 el ataque ocurrido en el Comit\u00e9 Directivo Estatal del PRI, donde personas no identificadas vandalizaron el [&hellip;]<\/p>\n","protected":false},"author":4,"featured_media":56637,"comment_status":"closed","ping_status":"closed","sticky":false,"template":"","format":"standard","meta":{"_jetpack_newsletter_access":"","_jetpack_dont_email_post_to_subs":false,"_jetpack_newsletter_tier_id":0,"_jetpack_memberships_contains_paywalled_content":false,"_jetpack_feature_clip_id":0,"_jetpack_memberships_contains_paid_content":false,"footnotes":"","jetpack_publicize_message":"","jetpack_publicize_feature_enabled":true,"jetpack_social_post_already_shared":true,"jetpack_social_options":{"image_generator_settings":{"template":"highway","default_image_id":0,"font":"","enabled":false},"version":2},"jetpack_post_was_ever_published":false},"categories":[356],"tags":[],"class_list":["post-56636","post","type-post","status-publish","format-standard","has-post-thumbnail","hentry","category-veracruz"],"jetpack_publicize_connections":[],"jetpack_sharing_enabled":true,"publishpress_future_action":{"enabled":false,"date":"2026-09-08 05:50:28","action":"change-status","newStatus":"draft","terms":[],"taxonomy":"category","extraData":[]},"publishpress_future_workflow_manual_trigger":{"enabledWorkflows":[]},"jetpack_featured_media_url":"https:\/\/noticiasveracruz.com\/wp-content\/uploads\/2025\/05\/10a1-1.jpg","_links":{"self":[{"href":"https:\/\/noticiasveracruz.com\/index.php\/wp-json\/wp\/v2\/posts\/56636","targetHints":{"allow":["GET"]}}],"collection":[{"href":"https:\/\/noticiasveracruz.com\/index.php\/wp-json\/wp\/v2\/posts"}],"about":[{"href":"https:\/\/noticiasveracruz.com\/index.php\/wp-json\/wp\/v2\/types\/post"}],"author":[{"embeddable":true,"href":"https:\/\/noticiasveracruz.com\/index.php\/wp-json\/wp\/v2\/users\/4"}],"replies":[{"embeddable":true,"href":"https:\/\/noticiasveracruz.com\/index.php\/wp-json\/wp\/v2\/comments?post=56636"}],"version-history":[{"count":0,"href":"https:\/\/noticiasveracruz.com\/index.php\/wp-json\/wp\/v2\/posts\/56636\/revisions"}],"wp:featuredmedia":[{"embeddable":true,"href":"https:\/\/noticiasveracruz.com\/index.php\/wp-json\/wp\/v2\/media\/56637"}],"wp:attachment":[{"href":"https:\/\/noticiasveracruz.com\/index.php\/wp-json\/wp\/v2\/media?parent=56636"}],"wp:term":[{"taxonomy":"category","embeddable":true,"href":"https:\/\/noticiasveracruz.com\/index.php\/wp-json\/wp\/v2\/categories?post=56636"},{"taxonomy":"post_tag","embeddable":true,"href":"https:\/\/noticiasveracruz.com\/index.php\/wp-json\/wp\/v2\/tags?post=56636"}],"curies":[{"name":"wp","href":"https:\/\/api.w.org\/{rel}","templated":true}]}}